{"id":8533,"date":"2026-04-29T11:45:58","date_gmt":"2026-04-29T11:45:58","guid":{"rendered":"https:\/\/afiyafrica.com\/?p=8533"},"modified":"2026-04-29T11:48:05","modified_gmt":"2026-04-29T11:48:05","slug":"tchad-le-ministre-de-la-sante-recoit-en-audience-lequipe-chargee-de-lorganisation-du-forum-pharmaceutique-international","status":"publish","type":"post","link":"https:\/\/afiyafrica.com\/index.php\/actualite\/tchad-le-ministre-de-la-sante-recoit-en-audience-lequipe-chargee-de-lorganisation-du-forum-pharmaceutique-international\/","title":{"rendered":"Tchad : le Ministre de la Sant\u00e9 re\u00e7oit en audience l\u2019\u00e9quipe charg\u00e9e de l\u2019organisation du Forum Pharmaceutique International"},"content":{"rendered":"<div class='booster-block booster-read-block'>\n                <div class=\"twp-read-time\">\n                \t<i class=\"booster-icon twp-clock\"><\/i> <span>Read Time:<\/span>2 Minute, 5 Second                <\/div>\n\n            <\/div><p>Le ministre de la Sant\u00e9 publique et de la Pr\u00e9vention, Dr Abdelmadjid Abderahim, a accord\u00e9 le 29 avril 2026 une audience \u00e0 l\u2019\u00e9quipe charg\u00e9e de l\u2019organisation du Forum Pharmaceutique International (FPI), dont la prochaine \u00e9dition se tiendra du 09 au 11 juin 2026 \u00e0 N\u2019Djamena. Cette rencontre de travail a permis de faire le point sur l\u2019\u00e9tat d\u2019avancement des pr\u00e9paratifs de cet important rendez-vous du secteur pharmaceutique, appel\u00e9 \u00e0 r\u00e9unir de nombreux acteurs nationaux et internationaux.<\/p>\n<p>Au cours des \u00e9changes, les membres du comit\u00e9 d\u2019organisation ont pr\u00e9sent\u00e9 au ministre les principales actions d\u00e9j\u00e0 engag\u00e9es en vue de la r\u00e9ussite de l\u2019\u00e9v\u00e9nement. Ils ont notamment \u00e9voqu\u00e9 les d\u00e9marches administratives entreprises, les contacts \u00e9tablis avec les diff\u00e9rents partenaires, ainsi que les initiatives en cours pour assurer une participation large et qualitative. L\u2019\u00e9quipe a \u00e9galement insist\u00e9 sur la n\u00e9cessit\u00e9 de renforcer la mobilisation des ressources financi\u00e8res, techniques et logistiques indispensables \u00e0 la bonne tenue du Forum.<\/p>\n<p>Parmi les innovations annonc\u00e9es figure la mise en place prochaine d\u2019un site Internet d\u00e9di\u00e9 au Forum Pharmaceutique International. Cette plateforme num\u00e9rique permettra notamment de centraliser les inscriptions en ligne, de diffuser les informations pratiques relatives \u00e0 l\u2019\u00e9v\u00e9nement, ainsi que de faciliter la communication avec les participants, exposants et intervenants.<\/p>\n<p>Prenant la parole, le ministre de la Sant\u00e9 publique et de la Pr\u00e9vention a abord\u00e9 plusieurs aspects strat\u00e9giques li\u00e9s \u00e0 l\u2019organisation du FPI. Il a insist\u00e9 sur la qualit\u00e9 des th\u00e9matiques qui seront d\u00e9velopp\u00e9es durant les travaux, la pertinence du choix des intervenants, l\u2019identification du public cible ainsi que le format le plus adapt\u00e9 pour faire de cette rencontre un cadre d\u2019\u00e9changes productif et porteur de r\u00e9sultats concrets.<\/p>\n<p>Dr Abdelmadjid Abderahim a particuli\u00e8rement encourag\u00e9 le comit\u00e9 d\u2019organisation \u00e0 privil\u00e9gier une d\u00e9marche inclusive, en veillant \u00e0 associer l\u2019ensemble des acteurs du domaine pharmaceutique : autorit\u00e9s sanitaires, ordres professionnels, industriels, chercheurs, universitaires, pharmaciens d\u2019officine, partenaires techniques et financiers, ainsi que les organisations de la soci\u00e9t\u00e9 civile concern\u00e9es par les questions de sant\u00e9 publique.<\/p>\n<p>Selon le ministre, la r\u00e9ussite de ce forum repose avant tout sur des valeurs essentielles telles que la solidarit\u00e9, l\u2019esprit d\u2019\u00e9quipe, la collaboration sinc\u00e8re et la primaut\u00e9 de l\u2019int\u00e9r\u00eat g\u00e9n\u00e9ral. Il a rappel\u00e9 que cet \u00e9v\u00e9nement constitue une opportunit\u00e9 majeure pour le pays de renforcer son rayonnement dans le domaine pharmaceutique, tout en favorisant la r\u00e9flexion sur les d\u00e9fis li\u00e9s \u00e0 l\u2019acc\u00e8s aux m\u00e9dicaments, \u00e0 la production locale, \u00e0 la r\u00e9glementation et \u00e0 l\u2019innovation.<\/p>\n        <div class=\"booster-block booster-reactions-block\">\n            <div class=\"twp-reactions-icons\">\n                \n                <div class=\"twp-reacts-wrap\">\n                    <a react-data=\"be-react-1\" post-id=\"8533\" class=\"be-face-icons un-reacted\" href=\"javascript:void(0)\">\n                        <img decoding=\"async\" src=\"https:\/\/afiyafrica.com\/wp-content\/plugins\/booster-extension\/\/assets\/icon\/happy.svg\" alt=\"Happy\">\n                    <\/a>\n                    <div class=\"twp-reaction-title\">\n                        Happy                    <\/div>\n                    <div class=\"twp-count-percent\">\n                                                    <span style=\"display: none;\" class=\"twp-react-count\">0<\/span>\n                        \n                                                <span class=\"twp-react-percent\"><span>0<\/span> %<\/span>\n                                            <\/div>\n                <\/div>\n\n                <div class=\"twp-reacts-wrap\">\n                    <a react-data=\"be-react-2\" post-id=\"8533\" class=\"be-face-icons un-reacted\" href=\"javascript:void(0)\">\n                        <img decoding=\"async\" src=\"https:\/\/afiyafrica.com\/wp-content\/plugins\/booster-extension\/\/assets\/icon\/sad.svg\" alt=\"Sad\">\n                    <\/a>\n                    <div class=\"twp-reaction-title\">\n                        Sad                    <\/div>\n                    <div class=\"twp-count-percent\">\n                                                    <span style=\"display: none;\" class=\"twp-react-count\">0<\/span>\n                                                                        <span class=\"twp-react-percent\"><span>0<\/span> %<\/span>\n                                            <\/div>\n                <\/div>\n\n                <div class=\"twp-reacts-wrap\">\n                    <a react-data=\"be-react-3\" post-id=\"8533\" class=\"be-face-icons un-reacted\" href=\"javascript:void(0)\">\n                        <img decoding=\"async\" src=\"https:\/\/afiyafrica.com\/wp-content\/plugins\/booster-extension\/\/assets\/icon\/excited.svg\" alt=\"Excited\">\n                    <\/a>\n                    <div class=\"twp-reaction-title\">\n                        Excited                    <\/div>\n                    <div class=\"twp-count-percent\">\n                                                    <span style=\"display: none;\" class=\"twp-react-count\">0<\/span>\n                                                                        <span class=\"twp-react-percent\"><span>0<\/span> %<\/span>\n                                            <\/div>\n                <\/div>\n\n                <div class=\"twp-reacts-wrap\">\n                    <a react-data=\"be-react-6\" post-id=\"8533\" class=\"be-face-icons un-reacted\" href=\"javascript:void(0)\">\n                        <img decoding=\"async\" src=\"https:\/\/afiyafrica.com\/wp-content\/plugins\/booster-extension\/\/assets\/icon\/sleepy.svg\" alt=\"Sleepy\">\n                    <\/a>\n                    <div class=\"twp-reaction-title\">\n                        Sleepy                    <\/div>\n                    <div class=\"twp-count-percent\">\n                                                    <span style=\"display: none;\" class=\"twp-react-count\">0<\/span>\n                        \n                                                <span class=\"twp-react-percent\"><span>0<\/span> %<\/span>\n                                            <\/div>\n                <\/div>\n\n                <div class=\"twp-reacts-wrap\">\n                    <a react-data=\"be-react-4\" post-id=\"8533\" class=\"be-face-icons un-reacted\" href=\"javascript:void(0)\">\n                        <img decoding=\"async\" src=\"https:\/\/afiyafrica.com\/wp-content\/plugins\/booster-extension\/\/assets\/icon\/angry.svg\" alt=\"Angry\">\n                    <\/a>\n                    <div class=\"twp-reaction-title\">Angry<\/div>\n                    <div class=\"twp-count-percent\">\n                                                    <span style=\"display: none;\" class=\"twp-react-count\">0<\/span>\n                                                                        <span class=\"twp-react-percent\"><span>0<\/span> %<\/span>\n                        \n                    <\/div>\n                <\/div>\n\n                <div class=\"twp-reacts-wrap\">\n                    <a react-data=\"be-react-5\" post-id=\"8533\" class=\"be-face-icons un-reacted\" href=\"javascript:void(0)\">\n                        <img decoding=\"async\" src=\"https:\/\/afiyafrica.com\/wp-content\/plugins\/booster-extension\/\/assets\/icon\/surprise.svg\" alt=\"Surprise\">\n                    <\/a>\n                    <div class=\"twp-reaction-title\">Surprise<\/div>\n                    <div class=\"twp-count-percent\">\n                                                    <span style=\"display: none;\" class=\"twp-react-count\">0<\/span>\n                                                                        <span class=\"twp-react-percent\"><span>0<\/span> %<\/span>\n                                            <\/div>\n                <\/div>\n\n            <\/div>\n        <\/div>\n\n    ","protected":false},"excerpt":{"rendered":"<p>Le ministre de la Sant\u00e9 publique et de la Pr\u00e9vention, Dr Abdelmadjid Abderahim, a accord\u00e9&#8230;<\/p>\n","protected":false},"author":4,"featured_media":8535,"comment_status":"closed","ping_status":"open","sticky":false,"template":"","format":"standard","meta":{"_monsterinsights_skip_tracking":false,"_monsterinsights_sitenote_active":false,"_monsterinsights_sitenote_note":"","_monsterinsights_sitenote_category":0,"footnotes":""},"categories":[12],"tags":[1188,1071,1337,60,62,166],"class_list":["post-8533","post","type-post","status-publish","format-standard","has-post-thumbnail","hentry","category-actualite","tag-actualites","tag-actumed","tag-afiyafrica","tag-afrique-sante","tag-sante-en-afrique","tag-tchad"],"yoast_head":"<!-- This site is optimized with the Yoast SEO plugin v23.2 - https:\/\/yoast.com\/wordpress\/plugins\/seo\/ -->\n<title>Tchad : le Ministre de la Sant\u00e9 re\u00e7oit en audience l\u2019\u00e9quipe charg\u00e9e de l\u2019organisation du Forum Pharmaceutique International -<\/title>\n<meta name=\"robots\" content=\"index, follow, max-snippet:-1, max-image-preview:large, max-video-preview:-1\" \/>\n<link rel=\"canonical\" href=\"https:\/\/afiyafrica.com\/index.php\/actualite\/tchad-le-ministre-de-la-sante-recoit-en-audience-lequipe-chargee-de-lorganisation-du-forum-pharmaceutique-international\/\" \/>\n<meta property=\"og:locale\" content=\"fr_FR\" \/>\n<meta property=\"og:type\" content=\"article\" \/>\n<meta property=\"og:title\" content=\"Tchad : le Ministre de la Sant\u00e9 re\u00e7oit en audience l\u2019\u00e9quipe charg\u00e9e de l\u2019organisation du Forum Pharmaceutique International -\" \/>\n<meta property=\"og:description\" content=\"Le ministre de la Sant\u00e9 publique et de la Pr\u00e9vention, Dr Abdelmadjid Abderahim, a accord\u00e9...\" \/>\n<meta property=\"og:url\" content=\"https:\/\/afiyafrica.com\/index.php\/actualite\/tchad-le-ministre-de-la-sante-recoit-en-audience-lequipe-chargee-de-lorganisation-du-forum-pharmaceutique-international\/\" \/>\n<meta property=\"article:published_time\" content=\"2026-04-29T11:45:58+00:00\" \/>\n<meta property=\"article:modified_time\" content=\"2026-04-29T11:48:05+00:00\" \/>\n<meta property=\"og:image\" content=\"https:\/\/afiyafrica.com\/wp-content\/uploads\/2026\/04\/FB_IMG_1777458180512.jpg\" \/>\n\t<meta property=\"og:image:width\" content=\"1080\" \/>\n\t<meta property=\"og:image:height\" content=\"587\" \/>\n\t<meta property=\"og:image:type\" content=\"image\/jpeg\" \/>\n<meta name=\"author\" content=\"Afiya Africa\" \/>\n<meta name=\"twitter:card\" content=\"summary_large_image\" \/>\n<meta name=\"twitter:label1\" content=\"\u00c9crit par\" \/>\n\t<meta name=\"twitter:data1\" content=\"Afiya Africa\" \/>\n\t<meta name=\"twitter:label2\" content=\"Dur\u00e9e de lecture estim\u00e9e\" \/>\n\t<meta name=\"twitter:data2\" content=\"3 minutes\" \/>\n<script type=\"application\/ld+json\" class=\"yoast-schema-graph\">{\"@context\":\"https:\/\/schema.org\",\"@graph\":[{\"@type\":\"WebPage\",\"@id\":\"https:\/\/afiyafrica.com\/index.php\/actualite\/tchad-le-ministre-de-la-sante-recoit-en-audience-lequipe-chargee-de-lorganisation-du-forum-pharmaceutique-international\/\",\"url\":\"https:\/\/afiyafrica.com\/index.php\/actualite\/tchad-le-ministre-de-la-sante-recoit-en-audience-lequipe-chargee-de-lorganisation-du-forum-pharmaceutique-international\/\",\"name\":\"Tchad : le Ministre de la Sant\u00e9 re\u00e7oit en audience l\u2019\u00e9quipe charg\u00e9e de l\u2019organisation du Forum Pharmaceutique International -\",\"isPartOf\":{\"@id\":\"https:\/\/afiyafrica.com\/#website\"},\"primaryImageOfPage\":{\"@id\":\"https:\/\/afiyafrica.com\/index.php\/actualite\/tchad-le-ministre-de-la-sante-recoit-en-audience-lequipe-chargee-de-lorganisation-du-forum-pharmaceutique-international\/#primaryimage\"},\"image\":{\"@id\":\"https:\/\/afiyafrica.com\/index.php\/actualite\/tchad-le-ministre-de-la-sante-recoit-en-audience-lequipe-chargee-de-lorganisation-du-forum-pharmaceutique-international\/#primaryimage\"},\"thumbnailUrl\":\"https:\/\/afiyafrica.com\/wp-content\/uploads\/2026\/04\/FB_IMG_1777458180512.jpg\",\"datePublished\":\"2026-04-29T11:45:58+00:00\",\"dateModified\":\"2026-04-29T11:48:05+00:00\",\"author\":{\"@id\":\"https:\/\/afiyafrica.com\/#\/schema\/person\/214bc1623c9d3742df50298a765c4dec\"},\"breadcrumb\":{\"@id\":\"https:\/\/afiyafrica.com\/index.php\/actualite\/tchad-le-ministre-de-la-sante-recoit-en-audience-lequipe-chargee-de-lorganisation-du-forum-pharmaceutique-international\/#breadcrumb\"},\"inLanguage\":\"fr-FR\",\"potentialAction\":[{\"@type\":\"ReadAction\",\"target\":[\"https:\/\/afiyafrica.com\/index.php\/actualite\/tchad-le-ministre-de-la-sante-recoit-en-audience-lequipe-chargee-de-lorganisation-du-forum-pharmaceutique-international\/\"]}]},{\"@type\":\"ImageObject\",\"inLanguage\":\"fr-FR\",\"@id\":\"https:\/\/afiyafrica.com\/index.php\/actualite\/tchad-le-ministre-de-la-sante-recoit-en-audience-lequipe-chargee-de-lorganisation-du-forum-pharmaceutique-international\/#primaryimage\",\"url\":\"https:\/\/afiyafrica.com\/wp-content\/uploads\/2026\/04\/FB_IMG_1777458180512.jpg\",\"contentUrl\":\"https:\/\/afiyafrica.com\/wp-content\/uploads\/2026\/04\/FB_IMG_1777458180512.jpg\",\"width\":1080,\"height\":587},{\"@type\":\"BreadcrumbList\",\"@id\":\"https:\/\/afiyafrica.com\/index.php\/actualite\/tchad-le-ministre-de-la-sante-recoit-en-audience-lequipe-chargee-de-lorganisation-du-forum-pharmaceutique-international\/#breadcrumb\",\"itemListElement\":[{\"@type\":\"ListItem\",\"position\":1,\"name\":\"Accueil\",\"item\":\"https:\/\/afiyafrica.com\/\"},{\"@type\":\"ListItem\",\"position\":2,\"name\":\"Tchad : le Ministre de la Sant\u00e9 re\u00e7oit en audience l\u2019\u00e9quipe charg\u00e9e de l\u2019organisation du Forum Pharmaceutique International\"}]},{\"@type\":\"WebSite\",\"@id\":\"https:\/\/afiyafrica.com\/#website\",\"url\":\"https:\/\/afiyafrica.com\/\",\"name\":\"\",\"description\":\"\",\"potentialAction\":[{\"@type\":\"SearchAction\",\"target\":{\"@type\":\"EntryPoint\",\"urlTemplate\":\"https:\/\/afiyafrica.com\/?s={search_term_string}\"},\"query-input\":\"required name=search_term_string\"}],\"inLanguage\":\"fr-FR\"},{\"@type\":\"Person\",\"@id\":\"https:\/\/afiyafrica.com\/#\/schema\/person\/214bc1623c9d3742df50298a765c4dec\",\"name\":\"Afiya Africa\",\"image\":{\"@type\":\"ImageObject\",\"inLanguage\":\"fr-FR\",\"@id\":\"https:\/\/afiyafrica.com\/#\/schema\/person\/image\/\",\"url\":\"https:\/\/secure.gravatar.com\/avatar\/d3b666b3619239f23c99ceed618c91e123b81900258fb5aed47318848e25bfeb?s=96&d=mm&r=g\",\"contentUrl\":\"https:\/\/secure.gravatar.com\/avatar\/d3b666b3619239f23c99ceed618c91e123b81900258fb5aed47318848e25bfeb?s=96&d=mm&r=g\",\"caption\":\"Afiya Africa\"},\"url\":\"https:\/\/afiyafrica.com\/index.php\/author\/afiyafrica\/\"}]}<\/script>\n<!-- \/ Yoast SEO plugin. -->","yoast_head_json":{"title":"Tchad : le Ministre de la Sant\u00e9 re\u00e7oit en audience l\u2019\u00e9quipe charg\u00e9e de l\u2019organisation du Forum Pharmaceutique International -","robots":{"index":"index","follow":"follow","max-snippet":"max-snippet:-1","max-image-preview":"max-image-preview:large","max-video-preview":"max-video-preview:-1"},"canonical":"https:\/\/afiyafrica.com\/index.php\/actualite\/tchad-le-ministre-de-la-sante-recoit-en-audience-lequipe-chargee-de-lorganisation-du-forum-pharmaceutique-international\/","og_locale":"fr_FR","og_type":"article","og_title":"Tchad : le Ministre de la Sant\u00e9 re\u00e7oit en audience l\u2019\u00e9quipe charg\u00e9e de l\u2019organisation du Forum Pharmaceutique International -","og_description":"Le ministre de la Sant\u00e9 publique et de la Pr\u00e9vention, Dr Abdelmadjid Abderahim, a accord\u00e9...","og_url":"https:\/\/afiyafrica.com\/index.php\/actualite\/tchad-le-ministre-de-la-sante-recoit-en-audience-lequipe-chargee-de-lorganisation-du-forum-pharmaceutique-international\/","article_published_time":"2026-04-29T11:45:58+00:00","article_modified_time":"2026-04-29T11:48:05+00:00","og_image":[{"width":1080,"height":587,"url":"https:\/\/afiyafrica.com\/wp-content\/uploads\/2026\/04\/FB_IMG_1777458180512.jpg","type":"image\/jpeg"}],"author":"Afiya Africa","twitter_card":"summary_large_image","twitter_misc":{"\u00c9crit par":"Afiya Africa","Dur\u00e9e de lecture estim\u00e9e":"3 minutes"},"schema":{"@context":"https:\/\/schema.org","@graph":[{"@type":"WebPage","@id":"https:\/\/afiyafrica.com\/index.php\/actualite\/tchad-le-ministre-de-la-sante-recoit-en-audience-lequipe-chargee-de-lorganisation-du-forum-pharmaceutique-international\/","url":"https:\/\/afiyafrica.com\/index.php\/actualite\/tchad-le-ministre-de-la-sante-recoit-en-audience-lequipe-chargee-de-lorganisation-du-forum-pharmaceutique-international\/","name":"Tchad : le Ministre de la Sant\u00e9 re\u00e7oit en audience l\u2019\u00e9quipe charg\u00e9e de l\u2019organisation du Forum Pharmaceutique International -","isPartOf":{"@id":"https:\/\/afiyafrica.com\/#website"},"primaryImageOfPage":{"@id":"https:\/\/afiyafrica.com\/index.php\/actualite\/tchad-le-ministre-de-la-sante-recoit-en-audience-lequipe-chargee-de-lorganisation-du-forum-pharmaceutique-international\/#primaryimage"},"image":{"@id":"https:\/\/afiyafrica.com\/index.php\/actualite\/tchad-le-ministre-de-la-sante-recoit-en-audience-lequipe-chargee-de-lorganisation-du-forum-pharmaceutique-international\/#primaryimage"},"thumbnailUrl":"https:\/\/afiyafrica.com\/wp-content\/uploads\/2026\/04\/FB_IMG_1777458180512.jpg","datePublished":"2026-04-29T11:45:58+00:00","dateModified":"2026-04-29T11:48:05+00:00","author":{"@id":"https:\/\/afiyafrica.com\/#\/schema\/person\/214bc1623c9d3742df50298a765c4dec"},"breadcrumb":{"@id":"https:\/\/afiyafrica.com\/index.php\/actualite\/tchad-le-ministre-de-la-sante-recoit-en-audience-lequipe-chargee-de-lorganisation-du-forum-pharmaceutique-international\/#breadcrumb"},"inLanguage":"fr-FR","potentialAction":[{"@type":"ReadAction","target":["https:\/\/afiyafrica.com\/index.php\/actualite\/tchad-le-ministre-de-la-sante-recoit-en-audience-lequipe-chargee-de-lorganisation-du-forum-pharmaceutique-international\/"]}]},{"@type":"ImageObject","inLanguage":"fr-FR","@id":"https:\/\/afiyafrica.com\/index.php\/actualite\/tchad-le-ministre-de-la-sante-recoit-en-audience-lequipe-chargee-de-lorganisation-du-forum-pharmaceutique-international\/#primaryimage","url":"https:\/\/afiyafrica.com\/wp-content\/uploads\/2026\/04\/FB_IMG_1777458180512.jpg","contentUrl":"https:\/\/afiyafrica.com\/wp-content\/uploads\/2026\/04\/FB_IMG_1777458180512.jpg","width":1080,"height":587},{"@type":"BreadcrumbList","@id":"https:\/\/afiyafrica.com\/index.php\/actualite\/tchad-le-ministre-de-la-sante-recoit-en-audience-lequipe-chargee-de-lorganisation-du-forum-pharmaceutique-international\/#breadcrumb","itemListElement":[{"@type":"ListItem","position":1,"name":"Accueil","item":"https:\/\/afiyafrica.com\/"},{"@type":"ListItem","position":2,"name":"Tchad : le Ministre de la Sant\u00e9 re\u00e7oit en audience l\u2019\u00e9quipe charg\u00e9e de l\u2019organisation du Forum Pharmaceutique International"}]},{"@type":"WebSite","@id":"https:\/\/afiyafrica.com\/#website","url":"https:\/\/afiyafrica.com\/","name":"","description":"","potentialAction":[{"@type":"SearchAction","target":{"@type":"EntryPoint","urlTemplate":"https:\/\/afiyafrica.com\/?s={search_term_string}"},"query-input":"required name=search_term_string"}],"inLanguage":"fr-FR"},{"@type":"Person","@id":"https:\/\/afiyafrica.com\/#\/schema\/person\/214bc1623c9d3742df50298a765c4dec","name":"Afiya Africa","image":{"@type":"ImageObject","inLanguage":"fr-FR","@id":"https:\/\/afiyafrica.com\/#\/schema\/person\/image\/","url":"https:\/\/secure.gravatar.com\/avatar\/d3b666b3619239f23c99ceed618c91e123b81900258fb5aed47318848e25bfeb?s=96&d=mm&r=g","contentUrl":"https:\/\/secure.gravatar.com\/avatar\/d3b666b3619239f23c99ceed618c91e123b81900258fb5aed47318848e25bfeb?s=96&d=mm&r=g","caption":"Afiya Africa"},"url":"https:\/\/afiyafrica.com\/index.php\/author\/afiyafrica\/"}]}},"featured_image_urls":{"full":["https:\/\/afiyafrica.com\/wp-content\/uploads\/2026\/04\/FB_IMG_1777458180512.jpg",1080,587,false],"thumbnail":["https:\/\/afiyafrica.com\/wp-content\/uploads\/2026\/04\/FB_IMG_1777458180512-150x150.jpg",150,150,true],"medium":["https:\/\/afiyafrica.com\/wp-content\/uploads\/2026\/04\/FB_IMG_1777458180512-300x163.jpg",300,163,true],"medium_large":["https:\/\/afiyafrica.com\/wp-content\/uploads\/2026\/04\/FB_IMG_1777458180512-768x417.jpg",640,348,true],"large":["https:\/\/afiyafrica.com\/wp-content\/uploads\/2026\/04\/FB_IMG_1777458180512-1024x557.jpg",640,348,true],"rpg_image_slider":["https:\/\/afiyafrica.com\/wp-content\/uploads\/2026\/04\/FB_IMG_1777458180512.jpg",1080,587,false],"rpg_image_thumbnail":["https:\/\/afiyafrica.com\/wp-content\/uploads\/2026\/04\/FB_IMG_1777458180512-900x500.jpg",900,500,true],"1536x1536":["https:\/\/afiyafrica.com\/wp-content\/uploads\/2026\/04\/FB_IMG_1777458180512.jpg",1080,587,false],"2048x2048":["https:\/\/afiyafrica.com\/wp-content\/uploads\/2026\/04\/FB_IMG_1777458180512.jpg",1080,587,false],"enternews-slider-full":["https:\/\/afiyafrica.com\/wp-content\/uploads\/2026\/04\/FB_IMG_1777458180512.jpg",1080,587,false],"enternews-featured":["https:\/\/afiyafrica.com\/wp-content\/uploads\/2026\/04\/FB_IMG_1777458180512-1024x557.jpg",1024,557,true],"enternews-medium":["https:\/\/afiyafrica.com\/wp-content\/uploads\/2026\/04\/FB_IMG_1777458180512-720x475.jpg",720,475,true]},"author_info":{"display_name":"Afiya Africa","author_link":"https:\/\/afiyafrica.com\/index.php\/author\/afiyafrica\/"},"category_info":"<a href=\"https:\/\/afiyafrica.com\/index.php\/category\/actualite\/\" rel=\"category tag\">Actualit\u00e9<\/a>","tag_info":"Actualit\u00e9","comment_count":"0","_links":{"self":[{"href":"https:\/\/afiyafrica.com\/index.php\/wp-json\/wp\/v2\/posts\/8533","targetHints":{"allow":["GET"]}}],"collection":[{"href":"https:\/\/afiyafrica.com\/index.php\/wp-json\/wp\/v2\/posts"}],"about":[{"href":"https:\/\/afiyafrica.com\/index.php\/wp-json\/wp\/v2\/types\/post"}],"author":[{"embeddable":true,"href":"https:\/\/afiyafrica.com\/index.php\/wp-json\/wp\/v2\/users\/4"}],"replies":[{"embeddable":true,"href":"https:\/\/afiyafrica.com\/index.php\/wp-json\/wp\/v2\/comments?post=8533"}],"version-history":[{"count":1,"href":"https:\/\/afiyafrica.com\/index.php\/wp-json\/wp\/v2\/posts\/8533\/revisions"}],"predecessor-version":[{"id":8534,"href":"https:\/\/afiyafrica.com\/index.php\/wp-json\/wp\/v2\/posts\/8533\/revisions\/8534"}],"wp:featuredmedia":[{"embeddable":true,"href":"https:\/\/afiyafrica.com\/index.php\/wp-json\/wp\/v2\/media\/8535"}],"wp:attachment":[{"href":"https:\/\/afiyafrica.com\/index.php\/wp-json\/wp\/v2\/media?parent=8533"}],"wp:term":[{"taxonomy":"category","embeddable":true,"href":"https:\/\/afiyafrica.com\/index.php\/wp-json\/wp\/v2\/categories?post=8533"},{"taxonomy":"post_tag","embeddable":true,"href":"https:\/\/afiyafrica.com\/index.php\/wp-json\/wp\/v2\/tags?post=8533"}],"curies":[{"name":"wp","href":"https:\/\/api.w.org\/{rel}","templated":true}]}}