{"id":8523,"date":"2026-04-27T10:37:26","date_gmt":"2026-04-27T10:37:26","guid":{"rendered":"https:\/\/afiyafrica.com\/?p=8523"},"modified":"2026-04-27T10:38:11","modified_gmt":"2026-04-27T10:38:11","slug":"cote-divoire-celebration-de-la-73-eme-journee-des-malades-de-la-lepre","status":"publish","type":"post","link":"https:\/\/afiyafrica.com\/index.php\/actualite\/cote-divoire-celebration-de-la-73-eme-journee-des-malades-de-la-lepre\/","title":{"rendered":"C\u00f4te d&rsquo;Ivoire : C\u00e9l\u00e9bration de la 73 \u00e8me journ\u00e9e des malades de la l\u00e8pre"},"content":{"rendered":"<div class='booster-block booster-read-block'>\n                <div class=\"twp-read-time\">\n                \t<i class=\"booster-icon twp-clock\"><\/i> <span>Read Time:<\/span>1 Minute, 15 Second                <\/div>\n\n            <\/div><p>Le minist\u00e8re de la Sant\u00e9, de l\u2019Hygi\u00e8ne publique et de la Couverture maladie universelle (MSHPCMU), \u00e0 travers le Programme National d&rsquo;\u00c9limination de la L\u00e8pre PNEL a c\u00e9l\u00e9br\u00e9 le dimanche 26 avril 2026 \u00e0 Agboville, la 73\u1d49 Journ\u00e9e mondiale des malades de la l\u00e8pre (JML), coupl\u00e9e \u00e0 la 5\u1d49 Journ\u00e9e de lutte contre les maladies tropicales n\u00e9glig\u00e9es (MTN).<\/p>\n<p>&nbsp;<\/p>\n<p>Plac\u00e9e sous le th\u00e8me \u00ab \u00c9largissons notre c\u0153ur ! mobilisons d\u2019autres volont\u00e9s et b\u00e2tissons ensemble une C\u00f4te d\u2019Ivoire sans l\u00e8pre. \u00bb , cette \u00e9dition \u00e0 servir d&rsquo;occasion pour d\u00e9pister des populations d\u2019autres infections, notamment la gale, l\u2019ulc\u00e8re de Buruli ainsi que l\u2019\u00e9l\u00e9phantiasis.<\/p>\n<p>&nbsp;<\/p>\n<p>En C\u00f4te d\u2019Ivoire, on enregistre, en moyenne 600 nouveaux cas de l\u00e8pre chaque ann\u00e9e. En 2025, 570 personnes ont d\u00e9tect\u00e9, dont 23 % pr\u00e9sente des infirmit\u00e9s visibles et 7 % sont des enfants.<\/p>\n<p>&nbsp;<\/p>\n<p>Pr\u00e9sidant la c\u00e9r\u00e9monie, le ministre en charge de la Sant\u00e9, M. Pierre N&rsquo;gou DIMBA, a salu\u00e9 l\u2019engagement des acteurs du syst\u00e8me sanitaire, des partenaires techniques, des autorit\u00e9s administratives, des \u00e9lus, des leaders communautaires ainsi que des populations, pour leur forte mobilisation. Il a rappel\u00e9 que la l\u00e8pre, souvent per\u00e7ue comme une maladie du pass\u00e9, reste une r\u00e9alit\u00e9 marqu\u00e9e par la stigmatisation et l\u2019exclusion. Avant de rappeler qu\u2019elle est gu\u00e9rissable gr\u00e2ce \u00e0 un traitement gratuit disponible dans les structures de sant\u00e9.<\/p>\n<p>&nbsp;<\/p>\n<p>Face \u00e0 la persistance de la maladie, le premier responsable ivoirien de la sant\u00e9 a insist\u00e9 sur la n\u00e9cessit\u00e9 de renforcer la solidarit\u00e9 et la mobilisation collective pour \u00e9radiquer la maladie.<\/p>\n        <div class=\"booster-block booster-reactions-block\">\n            <div class=\"twp-reactions-icons\">\n                \n                <div class=\"twp-reacts-wrap\">\n                    <a react-data=\"be-react-1\" post-id=\"8523\" class=\"be-face-icons un-reacted\" href=\"javascript:void(0)\">\n                        <img decoding=\"async\" src=\"https:\/\/afiyafrica.com\/wp-content\/plugins\/booster-extension\/\/assets\/icon\/happy.svg\" alt=\"Happy\">\n                    <\/a>\n                    <div class=\"twp-reaction-title\">\n                        Happy                    <\/div>\n                    <div class=\"twp-count-percent\">\n                                                    <span style=\"display: none;\" class=\"twp-react-count\">0<\/span>\n                        \n                                                <span class=\"twp-react-percent\"><span>0<\/span> %<\/span>\n                                            <\/div>\n                <\/div>\n\n                <div class=\"twp-reacts-wrap\">\n                    <a react-data=\"be-react-2\" post-id=\"8523\" class=\"be-face-icons un-reacted\" href=\"javascript:void(0)\">\n                        <img decoding=\"async\" src=\"https:\/\/afiyafrica.com\/wp-content\/plugins\/booster-extension\/\/assets\/icon\/sad.svg\" alt=\"Sad\">\n                    <\/a>\n                    <div class=\"twp-reaction-title\">\n                        Sad                    <\/div>\n                    <div class=\"twp-count-percent\">\n                                                    <span style=\"display: none;\" class=\"twp-react-count\">0<\/span>\n                                                                        <span class=\"twp-react-percent\"><span>0<\/span> %<\/span>\n                                            <\/div>\n                <\/div>\n\n                <div class=\"twp-reacts-wrap\">\n                    <a react-data=\"be-react-3\" post-id=\"8523\" class=\"be-face-icons un-reacted\" href=\"javascript:void(0)\">\n                        <img decoding=\"async\" src=\"https:\/\/afiyafrica.com\/wp-content\/plugins\/booster-extension\/\/assets\/icon\/excited.svg\" alt=\"Excited\">\n                    <\/a>\n                    <div class=\"twp-reaction-title\">\n                        Excited                    <\/div>\n                    <div class=\"twp-count-percent\">\n                                                    <span style=\"display: none;\" class=\"twp-react-count\">0<\/span>\n                                                                        <span class=\"twp-react-percent\"><span>0<\/span> %<\/span>\n                                            <\/div>\n                <\/div>\n\n                <div class=\"twp-reacts-wrap\">\n                    <a react-data=\"be-react-6\" post-id=\"8523\" class=\"be-face-icons un-reacted\" href=\"javascript:void(0)\">\n                        <img decoding=\"async\" src=\"https:\/\/afiyafrica.com\/wp-content\/plugins\/booster-extension\/\/assets\/icon\/sleepy.svg\" alt=\"Sleepy\">\n                    <\/a>\n                    <div class=\"twp-reaction-title\">\n                        Sleepy                    <\/div>\n                    <div class=\"twp-count-percent\">\n                                                    <span style=\"display: none;\" class=\"twp-react-count\">0<\/span>\n                        \n                                                <span class=\"twp-react-percent\"><span>0<\/span> %<\/span>\n                                            <\/div>\n                <\/div>\n\n                <div class=\"twp-reacts-wrap\">\n                    <a react-data=\"be-react-4\" post-id=\"8523\" class=\"be-face-icons un-reacted\" href=\"javascript:void(0)\">\n                        <img decoding=\"async\" src=\"https:\/\/afiyafrica.com\/wp-content\/plugins\/booster-extension\/\/assets\/icon\/angry.svg\" alt=\"Angry\">\n                    <\/a>\n                    <div class=\"twp-reaction-title\">Angry<\/div>\n                    <div class=\"twp-count-percent\">\n                                                    <span style=\"display: none;\" class=\"twp-react-count\">0<\/span>\n                                                                        <span class=\"twp-react-percent\"><span>0<\/span> %<\/span>\n                        \n                    <\/div>\n                <\/div>\n\n                <div class=\"twp-reacts-wrap\">\n                    <a react-data=\"be-react-5\" post-id=\"8523\" class=\"be-face-icons un-reacted\" href=\"javascript:void(0)\">\n                        <img decoding=\"async\" src=\"https:\/\/afiyafrica.com\/wp-content\/plugins\/booster-extension\/\/assets\/icon\/surprise.svg\" alt=\"Surprise\">\n                    <\/a>\n                    <div class=\"twp-reaction-title\">Surprise<\/div>\n                    <div class=\"twp-count-percent\">\n                                                    <span style=\"display: none;\" class=\"twp-react-count\">0<\/span>\n                                                                        <span class=\"twp-react-percent\"><span>0<\/span> %<\/span>\n                                            <\/div>\n                <\/div>\n\n            <\/div>\n        <\/div>\n\n    ","protected":false},"excerpt":{"rendered":"<p>Le minist\u00e8re de la Sant\u00e9, de l\u2019Hygi\u00e8ne publique et de la Couverture maladie universelle (MSHPCMU),&#8230;<\/p>\n","protected":false},"author":4,"featured_media":8525,"comment_status":"closed","ping_status":"open","sticky":false,"template":"","format":"standard","meta":{"_monsterinsights_skip_tracking":false,"_monsterinsights_sitenote_active":false,"_monsterinsights_sitenote_note":"","_monsterinsights_sitenote_category":0,"footnotes":""},"categories":[12],"tags":[1188,1337,60,1019,1069,62],"class_list":["post-8523","post","type-post","status-publish","format-standard","has-post-thumbnail","hentry","category-actualite","tag-actualites","tag-afiyafrica","tag-afrique-sante","tag-cote-divoire-2","tag-lepre","tag-sante-en-afrique"],"yoast_head":"<!-- This site is optimized with the Yoast SEO plugin v23.2 - https:\/\/yoast.com\/wordpress\/plugins\/seo\/ -->\n<title>C\u00f4te d&#039;Ivoire : C\u00e9l\u00e9bration de la 73 \u00e8me journ\u00e9e des malades de la l\u00e8pre -<\/title>\n<meta name=\"robots\" content=\"index, follow, max-snippet:-1, max-image-preview:large, max-video-preview:-1\" \/>\n<link rel=\"canonical\" href=\"https:\/\/afiyafrica.com\/index.php\/actualite\/cote-divoire-celebration-de-la-73-eme-journee-des-malades-de-la-lepre\/\" \/>\n<meta property=\"og:locale\" content=\"fr_FR\" \/>\n<meta property=\"og:type\" content=\"article\" \/>\n<meta property=\"og:title\" content=\"C\u00f4te d&#039;Ivoire : C\u00e9l\u00e9bration de la 73 \u00e8me journ\u00e9e des malades de la l\u00e8pre -\" \/>\n<meta property=\"og:description\" content=\"Le minist\u00e8re de la Sant\u00e9, de l\u2019Hygi\u00e8ne publique et de la Couverture maladie universelle (MSHPCMU),...\" \/>\n<meta property=\"og:url\" content=\"https:\/\/afiyafrica.com\/index.php\/actualite\/cote-divoire-celebration-de-la-73-eme-journee-des-malades-de-la-lepre\/\" \/>\n<meta property=\"article:published_time\" content=\"2026-04-27T10:37:26+00:00\" \/>\n<meta property=\"article:modified_time\" content=\"2026-04-27T10:38:11+00:00\" \/>\n<meta property=\"og:image\" content=\"https:\/\/afiyafrica.com\/wp-content\/uploads\/2026\/04\/FB_IMG_1777285979874.jpg\" \/>\n\t<meta property=\"og:image:width\" content=\"1080\" \/>\n\t<meta property=\"og:image:height\" content=\"720\" \/>\n\t<meta property=\"og:image:type\" content=\"image\/jpeg\" \/>\n<meta name=\"author\" content=\"Afiya Africa\" \/>\n<meta name=\"twitter:card\" content=\"summary_large_image\" \/>\n<meta name=\"twitter:label1\" content=\"\u00c9crit par\" \/>\n\t<meta name=\"twitter:data1\" content=\"Afiya Africa\" \/>\n\t<meta name=\"twitter:label2\" content=\"Dur\u00e9e de lecture estim\u00e9e\" \/>\n\t<meta name=\"twitter:data2\" content=\"2 minutes\" \/>\n<script type=\"application\/ld+json\" class=\"yoast-schema-graph\">{\"@context\":\"https:\/\/schema.org\",\"@graph\":[{\"@type\":\"WebPage\",\"@id\":\"https:\/\/afiyafrica.com\/index.php\/actualite\/cote-divoire-celebration-de-la-73-eme-journee-des-malades-de-la-lepre\/\",\"url\":\"https:\/\/afiyafrica.com\/index.php\/actualite\/cote-divoire-celebration-de-la-73-eme-journee-des-malades-de-la-lepre\/\",\"name\":\"C\u00f4te d'Ivoire : C\u00e9l\u00e9bration de la 73 \u00e8me journ\u00e9e des malades de la l\u00e8pre -\",\"isPartOf\":{\"@id\":\"https:\/\/afiyafrica.com\/#website\"},\"primaryImageOfPage\":{\"@id\":\"https:\/\/afiyafrica.com\/index.php\/actualite\/cote-divoire-celebration-de-la-73-eme-journee-des-malades-de-la-lepre\/#primaryimage\"},\"image\":{\"@id\":\"https:\/\/afiyafrica.com\/index.php\/actualite\/cote-divoire-celebration-de-la-73-eme-journee-des-malades-de-la-lepre\/#primaryimage\"},\"thumbnailUrl\":\"https:\/\/afiyafrica.com\/wp-content\/uploads\/2026\/04\/FB_IMG_1777285979874.jpg\",\"datePublished\":\"2026-04-27T10:37:26+00:00\",\"dateModified\":\"2026-04-27T10:38:11+00:00\",\"author\":{\"@id\":\"https:\/\/afiyafrica.com\/#\/schema\/person\/214bc1623c9d3742df50298a765c4dec\"},\"breadcrumb\":{\"@id\":\"https:\/\/afiyafrica.com\/index.php\/actualite\/cote-divoire-celebration-de-la-73-eme-journee-des-malades-de-la-lepre\/#breadcrumb\"},\"inLanguage\":\"fr-FR\",\"potentialAction\":[{\"@type\":\"ReadAction\",\"target\":[\"https:\/\/afiyafrica.com\/index.php\/actualite\/cote-divoire-celebration-de-la-73-eme-journee-des-malades-de-la-lepre\/\"]}]},{\"@type\":\"ImageObject\",\"inLanguage\":\"fr-FR\",\"@id\":\"https:\/\/afiyafrica.com\/index.php\/actualite\/cote-divoire-celebration-de-la-73-eme-journee-des-malades-de-la-lepre\/#primaryimage\",\"url\":\"https:\/\/afiyafrica.com\/wp-content\/uploads\/2026\/04\/FB_IMG_1777285979874.jpg\",\"contentUrl\":\"https:\/\/afiyafrica.com\/wp-content\/uploads\/2026\/04\/FB_IMG_1777285979874.jpg\",\"width\":1080,\"height\":720},{\"@type\":\"BreadcrumbList\",\"@id\":\"https:\/\/afiyafrica.com\/index.php\/actualite\/cote-divoire-celebration-de-la-73-eme-journee-des-malades-de-la-lepre\/#breadcrumb\",\"itemListElement\":[{\"@type\":\"ListItem\",\"position\":1,\"name\":\"Accueil\",\"item\":\"https:\/\/afiyafrica.com\/\"},{\"@type\":\"ListItem\",\"position\":2,\"name\":\"C\u00f4te d&rsquo;Ivoire : C\u00e9l\u00e9bration de la 73 \u00e8me journ\u00e9e des malades de la l\u00e8pre\"}]},{\"@type\":\"WebSite\",\"@id\":\"https:\/\/afiyafrica.com\/#website\",\"url\":\"https:\/\/afiyafrica.com\/\",\"name\":\"\",\"description\":\"\",\"potentialAction\":[{\"@type\":\"SearchAction\",\"target\":{\"@type\":\"EntryPoint\",\"urlTemplate\":\"https:\/\/afiyafrica.com\/?s={search_term_string}\"},\"query-input\":\"required name=search_term_string\"}],\"inLanguage\":\"fr-FR\"},{\"@type\":\"Person\",\"@id\":\"https:\/\/afiyafrica.com\/#\/schema\/person\/214bc1623c9d3742df50298a765c4dec\",\"name\":\"Afiya Africa\",\"image\":{\"@type\":\"ImageObject\",\"inLanguage\":\"fr-FR\",\"@id\":\"https:\/\/afiyafrica.com\/#\/schema\/person\/image\/\",\"url\":\"https:\/\/secure.gravatar.com\/avatar\/d3b666b3619239f23c99ceed618c91e123b81900258fb5aed47318848e25bfeb?s=96&d=mm&r=g\",\"contentUrl\":\"https:\/\/secure.gravatar.com\/avatar\/d3b666b3619239f23c99ceed618c91e123b81900258fb5aed47318848e25bfeb?s=96&d=mm&r=g\",\"caption\":\"Afiya Africa\"},\"url\":\"https:\/\/afiyafrica.com\/index.php\/author\/afiyafrica\/\"}]}<\/script>\n<!-- \/ Yoast SEO plugin. -->","yoast_head_json":{"title":"C\u00f4te d'Ivoire : C\u00e9l\u00e9bration de la 73 \u00e8me journ\u00e9e des malades de la l\u00e8pre -","robots":{"index":"index","follow":"follow","max-snippet":"max-snippet:-1","max-image-preview":"max-image-preview:large","max-video-preview":"max-video-preview:-1"},"canonical":"https:\/\/afiyafrica.com\/index.php\/actualite\/cote-divoire-celebration-de-la-73-eme-journee-des-malades-de-la-lepre\/","og_locale":"fr_FR","og_type":"article","og_title":"C\u00f4te d'Ivoire : C\u00e9l\u00e9bration de la 73 \u00e8me journ\u00e9e des malades de la l\u00e8pre -","og_description":"Le minist\u00e8re de la Sant\u00e9, de l\u2019Hygi\u00e8ne publique et de la Couverture maladie universelle (MSHPCMU),...","og_url":"https:\/\/afiyafrica.com\/index.php\/actualite\/cote-divoire-celebration-de-la-73-eme-journee-des-malades-de-la-lepre\/","article_published_time":"2026-04-27T10:37:26+00:00","article_modified_time":"2026-04-27T10:38:11+00:00","og_image":[{"width":1080,"height":720,"url":"https:\/\/afiyafrica.com\/wp-content\/uploads\/2026\/04\/FB_IMG_1777285979874.jpg","type":"image\/jpeg"}],"author":"Afiya Africa","twitter_card":"summary_large_image","twitter_misc":{"\u00c9crit par":"Afiya Africa","Dur\u00e9e de lecture estim\u00e9e":"2 minutes"},"schema":{"@context":"https:\/\/schema.org","@graph":[{"@type":"WebPage","@id":"https:\/\/afiyafrica.com\/index.php\/actualite\/cote-divoire-celebration-de-la-73-eme-journee-des-malades-de-la-lepre\/","url":"https:\/\/afiyafrica.com\/index.php\/actualite\/cote-divoire-celebration-de-la-73-eme-journee-des-malades-de-la-lepre\/","name":"C\u00f4te d'Ivoire : C\u00e9l\u00e9bration de la 73 \u00e8me journ\u00e9e des malades de la l\u00e8pre -","isPartOf":{"@id":"https:\/\/afiyafrica.com\/#website"},"primaryImageOfPage":{"@id":"https:\/\/afiyafrica.com\/index.php\/actualite\/cote-divoire-celebration-de-la-73-eme-journee-des-malades-de-la-lepre\/#primaryimage"},"image":{"@id":"https:\/\/afiyafrica.com\/index.php\/actualite\/cote-divoire-celebration-de-la-73-eme-journee-des-malades-de-la-lepre\/#primaryimage"},"thumbnailUrl":"https:\/\/afiyafrica.com\/wp-content\/uploads\/2026\/04\/FB_IMG_1777285979874.jpg","datePublished":"2026-04-27T10:37:26+00:00","dateModified":"2026-04-27T10:38:11+00:00","author":{"@id":"https:\/\/afiyafrica.com\/#\/schema\/person\/214bc1623c9d3742df50298a765c4dec"},"breadcrumb":{"@id":"https:\/\/afiyafrica.com\/index.php\/actualite\/cote-divoire-celebration-de-la-73-eme-journee-des-malades-de-la-lepre\/#breadcrumb"},"inLanguage":"fr-FR","potentialAction":[{"@type":"ReadAction","target":["https:\/\/afiyafrica.com\/index.php\/actualite\/cote-divoire-celebration-de-la-73-eme-journee-des-malades-de-la-lepre\/"]}]},{"@type":"ImageObject","inLanguage":"fr-FR","@id":"https:\/\/afiyafrica.com\/index.php\/actualite\/cote-divoire-celebration-de-la-73-eme-journee-des-malades-de-la-lepre\/#primaryimage","url":"https:\/\/afiyafrica.com\/wp-content\/uploads\/2026\/04\/FB_IMG_1777285979874.jpg","contentUrl":"https:\/\/afiyafrica.com\/wp-content\/uploads\/2026\/04\/FB_IMG_1777285979874.jpg","width":1080,"height":720},{"@type":"BreadcrumbList","@id":"https:\/\/afiyafrica.com\/index.php\/actualite\/cote-divoire-celebration-de-la-73-eme-journee-des-malades-de-la-lepre\/#breadcrumb","itemListElement":[{"@type":"ListItem","position":1,"name":"Accueil","item":"https:\/\/afiyafrica.com\/"},{"@type":"ListItem","position":2,"name":"C\u00f4te d&rsquo;Ivoire : C\u00e9l\u00e9bration de la 73 \u00e8me journ\u00e9e des malades de la l\u00e8pre"}]},{"@type":"WebSite","@id":"https:\/\/afiyafrica.com\/#website","url":"https:\/\/afiyafrica.com\/","name":"","description":"","potentialAction":[{"@type":"SearchAction","target":{"@type":"EntryPoint","urlTemplate":"https:\/\/afiyafrica.com\/?s={search_term_string}"},"query-input":"required name=search_term_string"}],"inLanguage":"fr-FR"},{"@type":"Person","@id":"https:\/\/afiyafrica.com\/#\/schema\/person\/214bc1623c9d3742df50298a765c4dec","name":"Afiya Africa","image":{"@type":"ImageObject","inLanguage":"fr-FR","@id":"https:\/\/afiyafrica.com\/#\/schema\/person\/image\/","url":"https:\/\/secure.gravatar.com\/avatar\/d3b666b3619239f23c99ceed618c91e123b81900258fb5aed47318848e25bfeb?s=96&d=mm&r=g","contentUrl":"https:\/\/secure.gravatar.com\/avatar\/d3b666b3619239f23c99ceed618c91e123b81900258fb5aed47318848e25bfeb?s=96&d=mm&r=g","caption":"Afiya Africa"},"url":"https:\/\/afiyafrica.com\/index.php\/author\/afiyafrica\/"}]}},"featured_image_urls":{"full":["https:\/\/afiyafrica.com\/wp-content\/uploads\/2026\/04\/FB_IMG_1777285979874.jpg",1080,720,false],"thumbnail":["https:\/\/afiyafrica.com\/wp-content\/uploads\/2026\/04\/FB_IMG_1777285979874-150x150.jpg",150,150,true],"medium":["https:\/\/afiyafrica.com\/wp-content\/uploads\/2026\/04\/FB_IMG_1777285979874-300x200.jpg",300,200,true],"medium_large":["https:\/\/afiyafrica.com\/wp-content\/uploads\/2026\/04\/FB_IMG_1777285979874-768x512.jpg",640,427,true],"large":["https:\/\/afiyafrica.com\/wp-content\/uploads\/2026\/04\/FB_IMG_1777285979874-1024x683.jpg",640,427,true],"rpg_image_slider":["https:\/\/afiyafrica.com\/wp-content\/uploads\/2026\/04\/FB_IMG_1777285979874.jpg",1080,720,false],"rpg_image_thumbnail":["https:\/\/afiyafrica.com\/wp-content\/uploads\/2026\/04\/FB_IMG_1777285979874-900x500.jpg",900,500,true],"1536x1536":["https:\/\/afiyafrica.com\/wp-content\/uploads\/2026\/04\/FB_IMG_1777285979874.jpg",1080,720,false],"2048x2048":["https:\/\/afiyafrica.com\/wp-content\/uploads\/2026\/04\/FB_IMG_1777285979874.jpg",1080,720,false],"enternews-slider-full":["https:\/\/afiyafrica.com\/wp-content\/uploads\/2026\/04\/FB_IMG_1777285979874.jpg",1080,720,false],"enternews-featured":["https:\/\/afiyafrica.com\/wp-content\/uploads\/2026\/04\/FB_IMG_1777285979874-1024x683.jpg",1024,683,true],"enternews-medium":["https:\/\/afiyafrica.com\/wp-content\/uploads\/2026\/04\/FB_IMG_1777285979874-720x475.jpg",720,475,true]},"author_info":{"display_name":"Afiya Africa","author_link":"https:\/\/afiyafrica.com\/index.php\/author\/afiyafrica\/"},"category_info":"<a href=\"https:\/\/afiyafrica.com\/index.php\/category\/actualite\/\" rel=\"category tag\">Actualit\u00e9<\/a>","tag_info":"Actualit\u00e9","comment_count":"0","_links":{"self":[{"href":"https:\/\/afiyafrica.com\/index.php\/wp-json\/wp\/v2\/posts\/8523","targetHints":{"allow":["GET"]}}],"collection":[{"href":"https:\/\/afiyafrica.com\/index.php\/wp-json\/wp\/v2\/posts"}],"about":[{"href":"https:\/\/afiyafrica.com\/index.php\/wp-json\/wp\/v2\/types\/post"}],"author":[{"embeddable":true,"href":"https:\/\/afiyafrica.com\/index.php\/wp-json\/wp\/v2\/users\/4"}],"replies":[{"embeddable":true,"href":"https:\/\/afiyafrica.com\/index.php\/wp-json\/wp\/v2\/comments?post=8523"}],"version-history":[{"count":1,"href":"https:\/\/afiyafrica.com\/index.php\/wp-json\/wp\/v2\/posts\/8523\/revisions"}],"predecessor-version":[{"id":8524,"href":"https:\/\/afiyafrica.com\/index.php\/wp-json\/wp\/v2\/posts\/8523\/revisions\/8524"}],"wp:featuredmedia":[{"embeddable":true,"href":"https:\/\/afiyafrica.com\/index.php\/wp-json\/wp\/v2\/media\/8525"}],"wp:attachment":[{"href":"https:\/\/afiyafrica.com\/index.php\/wp-json\/wp\/v2\/media?parent=8523"}],"wp:term":[{"taxonomy":"category","embeddable":true,"href":"https:\/\/afiyafrica.com\/index.php\/wp-json\/wp\/v2\/categories?post=8523"},{"taxonomy":"post_tag","embeddable":true,"href":"https:\/\/afiyafrica.com\/index.php\/wp-json\/wp\/v2\/tags?post=8523"}],"curies":[{"name":"wp","href":"https:\/\/api.w.org\/{rel}","templated":true}]}}