{"id":8516,"date":"2026-04-25T18:26:33","date_gmt":"2026-04-25T18:26:33","guid":{"rendered":"https:\/\/afiyafrica.com\/?p=8516"},"modified":"2026-04-25T18:27:13","modified_gmt":"2026-04-25T18:27:13","slug":"journee-mondiale-de-lutte-contre-le-paludisme-des-progres-reels-mais-la-bataille-est-loin-detre-gagnee","status":"publish","type":"post","link":"https:\/\/afiyafrica.com\/index.php\/actualite\/journee-mondiale-de-lutte-contre-le-paludisme-des-progres-reels-mais-la-bataille-est-loin-detre-gagnee\/","title":{"rendered":"Journ\u00e9e mondiale de lutte contre le paludisme : des progr\u00e8s r\u00e9els, mais la bataille est loin d\u2019\u00eatre gagn\u00e9e"},"content":{"rendered":"<div class='booster-block booster-read-block'>\n                <div class=\"twp-read-time\">\n                \t<i class=\"booster-icon twp-clock\"><\/i> <span>Read Time:<\/span>3 Minute, 39 Second                <\/div>\n\n            <\/div><p>Chaque ann\u00e9e, le 25 avril, la communaut\u00e9 internationale c\u00e9l\u00e8bre la Journ\u00e9e mondiale de lutte contre le paludisme. Cette journ\u00e9e rappelle qu\u2019au-del\u00e0 des campagnes de sensibilisation, le paludisme demeure l\u2019une des principales urgences sanitaires mondiales, en particulier en Afrique subsaharienne o\u00f9 se concentrent la grande majorit\u00e9 des cas et des d\u00e9c\u00e8s.<\/p>\n<p>Cette journ\u00e9e est l&rsquo;occasion de souligner une r\u00e9alit\u00e9 double : d\u2019un c\u00f4t\u00e9, les avanc\u00e9es des vingt derni\u00e8res ann\u00e9es sont consid\u00e9rables ; de l\u2019autre, les d\u00e9fis actuels exigent une mobilisation renforc\u00e9e, innovante et durable.<\/p>\n<p>Le combat contre le paludisme a connu des r\u00e9sultats historiques gr\u00e2ce \u00e0 des strat\u00e9gies \u00e9prouv\u00e9es :<\/p>\n<p>-la distribution massive de moustiquaires impr\u00e9gn\u00e9es d\u2019insecticide ;<\/p>\n<p>-les campagnes de pulv\u00e9risation intra-domiciliaire ;<\/p>\n<p>-l\u2019am\u00e9lioration du diagnostic rapide ;<\/p>\n<p>l-\u2019acc\u00e8s \u00e9largi aux traitements combin\u00e9s \u00e0 base d\u2019art\u00e9misinine ;<\/p>\n<p>-la surveillance \u00e9pid\u00e9miologique plus performante.<\/p>\n<p>Ces interventions ont permis de sauver des millions de vies, en particulier chez les enfants de moins de cinq ans, les femmes enceintes surtout dans les populations vivant en zones rurales.<\/p>\n<p>Dans de nombreux pays africains, la mortalit\u00e9 palustre a nettement recul\u00e9 par rapport aux ann\u00e9es 2000. Le paludisme n\u2019est plus une fatalit\u00e9 lorsqu\u2019il est diagnostiqu\u00e9 t\u00f4t et pris en charge efficacement.<\/p>\n<p>L\u2019un des progr\u00e8s les plus marquants de ces derni\u00e8res ann\u00e9es est sans aucun doute l\u2019arriv\u00e9e des premiers vaccins antipaludiques.<\/p>\n<p>Pendant longtemps, la complexit\u00e9 biologique du parasite Plasmodium falciparum a rendu la mise au point d\u2019un vaccin extr\u00eamement difficile. Aujourd\u2019hui, deux vaccins repr\u00e9sentent une avanc\u00e9e scientifique majeure :<\/p>\n<p>RTS,S\/AS01, premier vaccin recommand\u00e9 \u00e0 grande \u00e9chelle ;<\/p>\n<p>R21\/Matrix-M, plus r\u00e9cent, avec des perspectives prometteuses pour une production \u00e9largie.<\/p>\n<p>D\u00e9ploy\u00e9s prioritairement chez les jeunes enfants dans plusieurs pays africains, ces vaccins permettent de r\u00e9duire les formes graves et les hospitalisations lorsqu\u2019ils sont combin\u00e9s aux autres mesures de pr\u00e9vention.<\/p>\n<p>Il est essentiel de rappeler qu\u2019aucun vaccin ne remplace les moustiquaires, le diagnostic ou les traitements. La vaccination vient renforcer un arsenal d\u00e9j\u00e0 existant.<\/p>\n<p>Cependant, malgr\u00e9 ces progr\u00e8s, une question demeure : Pourquoi le paludisme reste t-il une menace?<\/p>\n<p>Plusieurs obstacles ralentissent la lutte :<\/p>\n<p>1. R\u00e9sistance des moustiques aux insecticides<\/p>\n<p>Dans plusieurs r\u00e9gions, les moustiques deviennent moins sensibles aux insecticides utilis\u00e9s sur les moustiquaires ou dans les pulv\u00e9risations.<\/p>\n<p>2. R\u00e9sistance du parasite \u00e0 certains traitements<\/p>\n<p>Des signaux de r\u00e9sistance aux antipaludiques imposent une vigilance permanente et l\u2019adaptation rapide des protocoles th\u00e9rapeutiques.<\/p>\n<p>3. In\u00e9galit\u00e9s d\u2019acc\u00e8s aux soins<\/p>\n<p>Dans de nombreuses zones recul\u00e9es, les centres de sant\u00e9 manquent encore de tests diagnostiques, de m\u00e9dicaments antipalustre ou de personnel form\u00e9.<\/p>\n<p>4. Changements climatiques et urbanisation<\/p>\n<p>Les modifications environnementales peuvent \u00e9tendre les zones favorables aux moustiques vecteurs et modifier la saisonnalit\u00e9 des \u00e9pid\u00e9mies.<\/p>\n<p>5. Financement insuffisant<\/p>\n<p>La lutte contre le paludisme n\u00e9cessite des investissements constants. Or, plusieurs programmes restent sous-financ\u00e9s.<\/p>\n<p>Pour parfaire la lutte contre le paludisme, plusieurs priorit\u00e9s s\u2019imposent :<\/p>\n<p>Renforcer la pr\u00e9vention communautaire<\/p>\n<p>Les populations doivent \u00eatre au centre de la strat\u00e9gie : usage correct des moustiquaires, assainissement de l\u2019environnement, consultation rapide en cas de fi\u00e8vre.<\/p>\n<p>G\u00e9n\u00e9raliser la vaccination cibl\u00e9e<\/p>\n<p>Les vaccins doivent \u00eatre accessibles aux enfants \u00e0 risque dans les pays les plus touch\u00e9s, avec une logistique solide.<\/p>\n<p>Investir dans la recherche africaine<\/p>\n<p>L\u2019Afrique doit produire davantage de donn\u00e9es scientifiques, d\u00e9velopper ses laboratoires et renforcer ses capacit\u00e9s de surveillance.<\/p>\n<p>Consolider les syst\u00e8mes de sant\u00e9<\/p>\n<p>Un syst\u00e8me de sant\u00e9 fort est indispensable pour d\u00e9tecter rapidement les cas, traiter efficacement et pr\u00e9venir les d\u00e9c\u00e8s.<\/p>\n<p>Mobiliser durablement les financements<\/p>\n<p>Le paludisme ne reculera pas avec des actions ponctuelles. Il faut des engagements stables des \u00c9tats, des partenaires et du secteur priv\u00e9.<\/p>\n<p>L\u2019Afrique au c\u0153ur de la solution<\/p>\n<p>L\u2019Afrique supporte le poids principal de la maladie, mais elle porte aussi les solutions : innovation m\u00e9dicale, agents de sant\u00e9 communautaires, chercheurs, industriels, gouvernements et citoyens engag\u00e9s.<\/p>\n<p>La Journ\u00e9e mondiale de lutte contre le paludisme ne doit pas \u00eatre seulement comm\u00e9morative. Elle doit \u00eatre un appel \u00e0 acc\u00e9l\u00e9rer les actions.<\/p>\n<p>Le paludisme peut \u00eatre contr\u00f4l\u00e9, puis \u00e9limin\u00e9 dans de nombreuses r\u00e9gions. Les outils existent. Les connaissances existent. Ce qu\u2019il faut d\u00e9sormais, c\u2019est la volont\u00e9 politique, les ressources et la pers\u00e9v\u00e9rance collective.<\/p>\n<p>&nbsp;<\/p>\n<p>Le monde a progress\u00e9 face au paludisme, notamment gr\u00e2ce \u00e0 la pr\u00e9vention moderne et \u00e0 la vaccination. Mais tant qu\u2019un enfant mourra encore d\u2019une maladie \u00e9vitable et traitable, la mission restera inachev\u00e9e.<\/p>\n<p>En ce 25 avril, transformons les succ\u00e8s scientifiques en victoires durables pour les populations<\/p>\n        <div class=\"booster-block booster-reactions-block\">\n            <div class=\"twp-reactions-icons\">\n                \n                <div class=\"twp-reacts-wrap\">\n                    <a react-data=\"be-react-1\" post-id=\"8516\" class=\"be-face-icons un-reacted\" href=\"javascript:void(0)\">\n                        <img decoding=\"async\" src=\"https:\/\/afiyafrica.com\/wp-content\/plugins\/booster-extension\/\/assets\/icon\/happy.svg\" alt=\"Happy\">\n                    <\/a>\n                    <div class=\"twp-reaction-title\">\n                        Happy                    <\/div>\n                    <div class=\"twp-count-percent\">\n                                                    <span style=\"display: none;\" class=\"twp-react-count\">0<\/span>\n                        \n                                                <span class=\"twp-react-percent\"><span>0<\/span> %<\/span>\n                                            <\/div>\n                <\/div>\n\n                <div class=\"twp-reacts-wrap\">\n                    <a react-data=\"be-react-2\" post-id=\"8516\" class=\"be-face-icons un-reacted\" href=\"javascript:void(0)\">\n                        <img decoding=\"async\" src=\"https:\/\/afiyafrica.com\/wp-content\/plugins\/booster-extension\/\/assets\/icon\/sad.svg\" alt=\"Sad\">\n                    <\/a>\n                    <div class=\"twp-reaction-title\">\n                        Sad                    <\/div>\n                    <div class=\"twp-count-percent\">\n                                                    <span style=\"display: none;\" class=\"twp-react-count\">0<\/span>\n                                                                        <span class=\"twp-react-percent\"><span>0<\/span> %<\/span>\n                                            <\/div>\n                <\/div>\n\n                <div class=\"twp-reacts-wrap\">\n                    <a react-data=\"be-react-3\" post-id=\"8516\" class=\"be-face-icons un-reacted\" href=\"javascript:void(0)\">\n                        <img decoding=\"async\" src=\"https:\/\/afiyafrica.com\/wp-content\/plugins\/booster-extension\/\/assets\/icon\/excited.svg\" alt=\"Excited\">\n                    <\/a>\n                    <div class=\"twp-reaction-title\">\n                        Excited                    <\/div>\n                    <div class=\"twp-count-percent\">\n                                                    <span style=\"display: none;\" class=\"twp-react-count\">0<\/span>\n                                                                        <span class=\"twp-react-percent\"><span>0<\/span> %<\/span>\n                                            <\/div>\n                <\/div>\n\n                <div class=\"twp-reacts-wrap\">\n                    <a react-data=\"be-react-6\" post-id=\"8516\" class=\"be-face-icons un-reacted\" href=\"javascript:void(0)\">\n                        <img decoding=\"async\" src=\"https:\/\/afiyafrica.com\/wp-content\/plugins\/booster-extension\/\/assets\/icon\/sleepy.svg\" alt=\"Sleepy\">\n                    <\/a>\n                    <div class=\"twp-reaction-title\">\n                        Sleepy                    <\/div>\n                    <div class=\"twp-count-percent\">\n                                                    <span style=\"display: none;\" class=\"twp-react-count\">0<\/span>\n                        \n                                                <span class=\"twp-react-percent\"><span>0<\/span> %<\/span>\n                                            <\/div>\n                <\/div>\n\n                <div class=\"twp-reacts-wrap\">\n                    <a react-data=\"be-react-4\" post-id=\"8516\" class=\"be-face-icons un-reacted\" href=\"javascript:void(0)\">\n                        <img decoding=\"async\" src=\"https:\/\/afiyafrica.com\/wp-content\/plugins\/booster-extension\/\/assets\/icon\/angry.svg\" alt=\"Angry\">\n                    <\/a>\n                    <div class=\"twp-reaction-title\">Angry<\/div>\n                    <div class=\"twp-count-percent\">\n                                                    <span style=\"display: none;\" class=\"twp-react-count\">0<\/span>\n                                                                        <span class=\"twp-react-percent\"><span>0<\/span> %<\/span>\n                        \n                    <\/div>\n                <\/div>\n\n                <div class=\"twp-reacts-wrap\">\n                    <a react-data=\"be-react-5\" post-id=\"8516\" class=\"be-face-icons un-reacted\" href=\"javascript:void(0)\">\n                        <img decoding=\"async\" src=\"https:\/\/afiyafrica.com\/wp-content\/plugins\/booster-extension\/\/assets\/icon\/surprise.svg\" alt=\"Surprise\">\n                    <\/a>\n                    <div class=\"twp-reaction-title\">Surprise<\/div>\n                    <div class=\"twp-count-percent\">\n                                                    <span style=\"display: none;\" class=\"twp-react-count\">0<\/span>\n                                                                        <span class=\"twp-react-percent\"><span>0<\/span> %<\/span>\n                                            <\/div>\n                <\/div>\n\n            <\/div>\n        <\/div>\n\n    ","protected":false},"excerpt":{"rendered":"<p>Chaque ann\u00e9e, le 25 avril, la communaut\u00e9 internationale c\u00e9l\u00e8bre la Journ\u00e9e mondiale de lutte contre&#8230;<\/p>\n","protected":false},"author":4,"featured_media":8518,"comment_status":"closed","ping_status":"open","sticky":false,"template":"","format":"standard","meta":{"_monsterinsights_skip_tracking":false,"_monsterinsights_sitenote_active":false,"_monsterinsights_sitenote_note":"","_monsterinsights_sitenote_category":0,"footnotes":""},"categories":[12,151],"tags":[1188,1071,1214,1337,31,60,105,62,1477],"class_list":["post-8516","post","type-post","status-publish","format-standard","has-post-thumbnail","hentry","category-actualite","category-editorials","tag-actualites","tag-actumed","tag-afiya","tag-afiyafrica","tag-afrique","tag-afrique-sante","tag-paludisme","tag-sante-en-afrique","tag-sante-publique"],"yoast_head":"<!-- This site is optimized with the Yoast SEO plugin v23.2 - https:\/\/yoast.com\/wordpress\/plugins\/seo\/ -->\n<title>Journ\u00e9e mondiale de lutte contre le paludisme : des progr\u00e8s r\u00e9els, mais la bataille est loin d\u2019\u00eatre gagn\u00e9e -<\/title>\n<meta name=\"robots\" content=\"index, follow, max-snippet:-1, max-image-preview:large, max-video-preview:-1\" \/>\n<link rel=\"canonical\" href=\"https:\/\/afiyafrica.com\/index.php\/actualite\/journee-mondiale-de-lutte-contre-le-paludisme-des-progres-reels-mais-la-bataille-est-loin-detre-gagnee\/\" \/>\n<meta property=\"og:locale\" content=\"fr_FR\" \/>\n<meta property=\"og:type\" content=\"article\" \/>\n<meta property=\"og:title\" content=\"Journ\u00e9e mondiale de lutte contre le paludisme : des progr\u00e8s r\u00e9els, mais la bataille est loin d\u2019\u00eatre gagn\u00e9e -\" \/>\n<meta property=\"og:description\" content=\"Chaque ann\u00e9e, le 25 avril, la communaut\u00e9 internationale c\u00e9l\u00e8bre la Journ\u00e9e mondiale de lutte contre...\" \/>\n<meta property=\"og:url\" content=\"https:\/\/afiyafrica.com\/index.php\/actualite\/journee-mondiale-de-lutte-contre-le-paludisme-des-progres-reels-mais-la-bataille-est-loin-detre-gagnee\/\" \/>\n<meta property=\"article:published_time\" content=\"2026-04-25T18:26:33+00:00\" \/>\n<meta property=\"article:modified_time\" content=\"2026-04-25T18:27:13+00:00\" \/>\n<meta property=\"og:image\" content=\"https:\/\/afiyafrica.com\/wp-content\/uploads\/2026\/04\/Gray-Purple-and-White-Simple-Breaking-News-Instagram-Post_20260425_103344_0000.jpg\" \/>\n\t<meta property=\"og:image:width\" content=\"1080\" \/>\n\t<meta property=\"og:image:height\" content=\"1350\" \/>\n\t<meta property=\"og:image:type\" content=\"image\/jpeg\" \/>\n<meta name=\"author\" content=\"Afiya Africa\" \/>\n<meta name=\"twitter:card\" content=\"summary_large_image\" \/>\n<meta name=\"twitter:label1\" content=\"\u00c9crit par\" \/>\n\t<meta name=\"twitter:data1\" content=\"Afiya Africa\" \/>\n\t<meta name=\"twitter:label2\" content=\"Dur\u00e9e de lecture estim\u00e9e\" \/>\n\t<meta name=\"twitter:data2\" content=\"4 minutes\" \/>\n<script type=\"application\/ld+json\" class=\"yoast-schema-graph\">{\"@context\":\"https:\/\/schema.org\",\"@graph\":[{\"@type\":\"WebPage\",\"@id\":\"https:\/\/afiyafrica.com\/index.php\/actualite\/journee-mondiale-de-lutte-contre-le-paludisme-des-progres-reels-mais-la-bataille-est-loin-detre-gagnee\/\",\"url\":\"https:\/\/afiyafrica.com\/index.php\/actualite\/journee-mondiale-de-lutte-contre-le-paludisme-des-progres-reels-mais-la-bataille-est-loin-detre-gagnee\/\",\"name\":\"Journ\u00e9e mondiale de lutte contre le paludisme : des progr\u00e8s r\u00e9els, mais la bataille est loin d\u2019\u00eatre gagn\u00e9e -\",\"isPartOf\":{\"@id\":\"https:\/\/afiyafrica.com\/#website\"},\"primaryImageOfPage\":{\"@id\":\"https:\/\/afiyafrica.com\/index.php\/actualite\/journee-mondiale-de-lutte-contre-le-paludisme-des-progres-reels-mais-la-bataille-est-loin-detre-gagnee\/#primaryimage\"},\"image\":{\"@id\":\"https:\/\/afiyafrica.com\/index.php\/actualite\/journee-mondiale-de-lutte-contre-le-paludisme-des-progres-reels-mais-la-bataille-est-loin-detre-gagnee\/#primaryimage\"},\"thumbnailUrl\":\"https:\/\/afiyafrica.com\/wp-content\/uploads\/2026\/04\/Gray-Purple-and-White-Simple-Breaking-News-Instagram-Post_20260425_103344_0000.jpg\",\"datePublished\":\"2026-04-25T18:26:33+00:00\",\"dateModified\":\"2026-04-25T18:27:13+00:00\",\"author\":{\"@id\":\"https:\/\/afiyafrica.com\/#\/schema\/person\/214bc1623c9d3742df50298a765c4dec\"},\"breadcrumb\":{\"@id\":\"https:\/\/afiyafrica.com\/index.php\/actualite\/journee-mondiale-de-lutte-contre-le-paludisme-des-progres-reels-mais-la-bataille-est-loin-detre-gagnee\/#breadcrumb\"},\"inLanguage\":\"fr-FR\",\"potentialAction\":[{\"@type\":\"ReadAction\",\"target\":[\"https:\/\/afiyafrica.com\/index.php\/actualite\/journee-mondiale-de-lutte-contre-le-paludisme-des-progres-reels-mais-la-bataille-est-loin-detre-gagnee\/\"]}]},{\"@type\":\"ImageObject\",\"inLanguage\":\"fr-FR\",\"@id\":\"https:\/\/afiyafrica.com\/index.php\/actualite\/journee-mondiale-de-lutte-contre-le-paludisme-des-progres-reels-mais-la-bataille-est-loin-detre-gagnee\/#primaryimage\",\"url\":\"https:\/\/afiyafrica.com\/wp-content\/uploads\/2026\/04\/Gray-Purple-and-White-Simple-Breaking-News-Instagram-Post_20260425_103344_0000.jpg\",\"contentUrl\":\"https:\/\/afiyafrica.com\/wp-content\/uploads\/2026\/04\/Gray-Purple-and-White-Simple-Breaking-News-Instagram-Post_20260425_103344_0000.jpg\",\"width\":1080,\"height\":1350},{\"@type\":\"BreadcrumbList\",\"@id\":\"https:\/\/afiyafrica.com\/index.php\/actualite\/journee-mondiale-de-lutte-contre-le-paludisme-des-progres-reels-mais-la-bataille-est-loin-detre-gagnee\/#breadcrumb\",\"itemListElement\":[{\"@type\":\"ListItem\",\"position\":1,\"name\":\"Accueil\",\"item\":\"https:\/\/afiyafrica.com\/\"},{\"@type\":\"ListItem\",\"position\":2,\"name\":\"Journ\u00e9e mondiale de lutte contre le paludisme : des progr\u00e8s r\u00e9els, mais la bataille est loin d\u2019\u00eatre gagn\u00e9e\"}]},{\"@type\":\"WebSite\",\"@id\":\"https:\/\/afiyafrica.com\/#website\",\"url\":\"https:\/\/afiyafrica.com\/\",\"name\":\"\",\"description\":\"\",\"potentialAction\":[{\"@type\":\"SearchAction\",\"target\":{\"@type\":\"EntryPoint\",\"urlTemplate\":\"https:\/\/afiyafrica.com\/?s={search_term_string}\"},\"query-input\":\"required name=search_term_string\"}],\"inLanguage\":\"fr-FR\"},{\"@type\":\"Person\",\"@id\":\"https:\/\/afiyafrica.com\/#\/schema\/person\/214bc1623c9d3742df50298a765c4dec\",\"name\":\"Afiya Africa\",\"image\":{\"@type\":\"ImageObject\",\"inLanguage\":\"fr-FR\",\"@id\":\"https:\/\/afiyafrica.com\/#\/schema\/person\/image\/\",\"url\":\"https:\/\/secure.gravatar.com\/avatar\/d3b666b3619239f23c99ceed618c91e123b81900258fb5aed47318848e25bfeb?s=96&d=mm&r=g\",\"contentUrl\":\"https:\/\/secure.gravatar.com\/avatar\/d3b666b3619239f23c99ceed618c91e123b81900258fb5aed47318848e25bfeb?s=96&d=mm&r=g\",\"caption\":\"Afiya Africa\"},\"url\":\"https:\/\/afiyafrica.com\/index.php\/author\/afiyafrica\/\"}]}<\/script>\n<!-- \/ Yoast SEO plugin. -->","yoast_head_json":{"title":"Journ\u00e9e mondiale de lutte contre le paludisme : des progr\u00e8s r\u00e9els, mais la bataille est loin d\u2019\u00eatre gagn\u00e9e -","robots":{"index":"index","follow":"follow","max-snippet":"max-snippet:-1","max-image-preview":"max-image-preview:large","max-video-preview":"max-video-preview:-1"},"canonical":"https:\/\/afiyafrica.com\/index.php\/actualite\/journee-mondiale-de-lutte-contre-le-paludisme-des-progres-reels-mais-la-bataille-est-loin-detre-gagnee\/","og_locale":"fr_FR","og_type":"article","og_title":"Journ\u00e9e mondiale de lutte contre le paludisme : des progr\u00e8s r\u00e9els, mais la bataille est loin d\u2019\u00eatre gagn\u00e9e -","og_description":"Chaque ann\u00e9e, le 25 avril, la communaut\u00e9 internationale c\u00e9l\u00e8bre la Journ\u00e9e mondiale de lutte contre...","og_url":"https:\/\/afiyafrica.com\/index.php\/actualite\/journee-mondiale-de-lutte-contre-le-paludisme-des-progres-reels-mais-la-bataille-est-loin-detre-gagnee\/","article_published_time":"2026-04-25T18:26:33+00:00","article_modified_time":"2026-04-25T18:27:13+00:00","og_image":[{"width":1080,"height":1350,"url":"https:\/\/afiyafrica.com\/wp-content\/uploads\/2026\/04\/Gray-Purple-and-White-Simple-Breaking-News-Instagram-Post_20260425_103344_0000.jpg","type":"image\/jpeg"}],"author":"Afiya Africa","twitter_card":"summary_large_image","twitter_misc":{"\u00c9crit par":"Afiya Africa","Dur\u00e9e de lecture estim\u00e9e":"4 minutes"},"schema":{"@context":"https:\/\/schema.org","@graph":[{"@type":"WebPage","@id":"https:\/\/afiyafrica.com\/index.php\/actualite\/journee-mondiale-de-lutte-contre-le-paludisme-des-progres-reels-mais-la-bataille-est-loin-detre-gagnee\/","url":"https:\/\/afiyafrica.com\/index.php\/actualite\/journee-mondiale-de-lutte-contre-le-paludisme-des-progres-reels-mais-la-bataille-est-loin-detre-gagnee\/","name":"Journ\u00e9e mondiale de lutte contre le paludisme : des progr\u00e8s r\u00e9els, mais la bataille est loin d\u2019\u00eatre gagn\u00e9e -","isPartOf":{"@id":"https:\/\/afiyafrica.com\/#website"},"primaryImageOfPage":{"@id":"https:\/\/afiyafrica.com\/index.php\/actualite\/journee-mondiale-de-lutte-contre-le-paludisme-des-progres-reels-mais-la-bataille-est-loin-detre-gagnee\/#primaryimage"},"image":{"@id":"https:\/\/afiyafrica.com\/index.php\/actualite\/journee-mondiale-de-lutte-contre-le-paludisme-des-progres-reels-mais-la-bataille-est-loin-detre-gagnee\/#primaryimage"},"thumbnailUrl":"https:\/\/afiyafrica.com\/wp-content\/uploads\/2026\/04\/Gray-Purple-and-White-Simple-Breaking-News-Instagram-Post_20260425_103344_0000.jpg","datePublished":"2026-04-25T18:26:33+00:00","dateModified":"2026-04-25T18:27:13+00:00","author":{"@id":"https:\/\/afiyafrica.com\/#\/schema\/person\/214bc1623c9d3742df50298a765c4dec"},"breadcrumb":{"@id":"https:\/\/afiyafrica.com\/index.php\/actualite\/journee-mondiale-de-lutte-contre-le-paludisme-des-progres-reels-mais-la-bataille-est-loin-detre-gagnee\/#breadcrumb"},"inLanguage":"fr-FR","potentialAction":[{"@type":"ReadAction","target":["https:\/\/afiyafrica.com\/index.php\/actualite\/journee-mondiale-de-lutte-contre-le-paludisme-des-progres-reels-mais-la-bataille-est-loin-detre-gagnee\/"]}]},{"@type":"ImageObject","inLanguage":"fr-FR","@id":"https:\/\/afiyafrica.com\/index.php\/actualite\/journee-mondiale-de-lutte-contre-le-paludisme-des-progres-reels-mais-la-bataille-est-loin-detre-gagnee\/#primaryimage","url":"https:\/\/afiyafrica.com\/wp-content\/uploads\/2026\/04\/Gray-Purple-and-White-Simple-Breaking-News-Instagram-Post_20260425_103344_0000.jpg","contentUrl":"https:\/\/afiyafrica.com\/wp-content\/uploads\/2026\/04\/Gray-Purple-and-White-Simple-Breaking-News-Instagram-Post_20260425_103344_0000.jpg","width":1080,"height":1350},{"@type":"BreadcrumbList","@id":"https:\/\/afiyafrica.com\/index.php\/actualite\/journee-mondiale-de-lutte-contre-le-paludisme-des-progres-reels-mais-la-bataille-est-loin-detre-gagnee\/#breadcrumb","itemListElement":[{"@type":"ListItem","position":1,"name":"Accueil","item":"https:\/\/afiyafrica.com\/"},{"@type":"ListItem","position":2,"name":"Journ\u00e9e mondiale de lutte contre le paludisme : des progr\u00e8s r\u00e9els, mais la bataille est loin d\u2019\u00eatre gagn\u00e9e"}]},{"@type":"WebSite","@id":"https:\/\/afiyafrica.com\/#website","url":"https:\/\/afiyafrica.com\/","name":"","description":"","potentialAction":[{"@type":"SearchAction","target":{"@type":"EntryPoint","urlTemplate":"https:\/\/afiyafrica.com\/?s={search_term_string}"},"query-input":"required name=search_term_string"}],"inLanguage":"fr-FR"},{"@type":"Person","@id":"https:\/\/afiyafrica.com\/#\/schema\/person\/214bc1623c9d3742df50298a765c4dec","name":"Afiya Africa","image":{"@type":"ImageObject","inLanguage":"fr-FR","@id":"https:\/\/afiyafrica.com\/#\/schema\/person\/image\/","url":"https:\/\/secure.gravatar.com\/avatar\/d3b666b3619239f23c99ceed618c91e123b81900258fb5aed47318848e25bfeb?s=96&d=mm&r=g","contentUrl":"https:\/\/secure.gravatar.com\/avatar\/d3b666b3619239f23c99ceed618c91e123b81900258fb5aed47318848e25bfeb?s=96&d=mm&r=g","caption":"Afiya Africa"},"url":"https:\/\/afiyafrica.com\/index.php\/author\/afiyafrica\/"}]}},"featured_image_urls":{"full":["https:\/\/afiyafrica.com\/wp-content\/uploads\/2026\/04\/Gray-Purple-and-White-Simple-Breaking-News-Instagram-Post_20260425_103344_0000.jpg",1080,1350,false],"thumbnail":["https:\/\/afiyafrica.com\/wp-content\/uploads\/2026\/04\/Gray-Purple-and-White-Simple-Breaking-News-Instagram-Post_20260425_103344_0000-150x150.jpg",150,150,true],"medium":["https:\/\/afiyafrica.com\/wp-content\/uploads\/2026\/04\/Gray-Purple-and-White-Simple-Breaking-News-Instagram-Post_20260425_103344_0000-240x300.jpg",240,300,true],"medium_large":["https:\/\/afiyafrica.com\/wp-content\/uploads\/2026\/04\/Gray-Purple-and-White-Simple-Breaking-News-Instagram-Post_20260425_103344_0000-768x960.jpg",640,800,true],"large":["https:\/\/afiyafrica.com\/wp-content\/uploads\/2026\/04\/Gray-Purple-and-White-Simple-Breaking-News-Instagram-Post_20260425_103344_0000-819x1024.jpg",640,800,true],"rpg_image_slider":["https:\/\/afiyafrica.com\/wp-content\/uploads\/2026\/04\/Gray-Purple-and-White-Simple-Breaking-News-Instagram-Post_20260425_103344_0000-1080x800.jpg",1080,800,true],"rpg_image_thumbnail":["https:\/\/afiyafrica.com\/wp-content\/uploads\/2026\/04\/Gray-Purple-and-White-Simple-Breaking-News-Instagram-Post_20260425_103344_0000-900x500.jpg",900,500,true],"1536x1536":["https:\/\/afiyafrica.com\/wp-content\/uploads\/2026\/04\/Gray-Purple-and-White-Simple-Breaking-News-Instagram-Post_20260425_103344_0000.jpg",1080,1350,false],"2048x2048":["https:\/\/afiyafrica.com\/wp-content\/uploads\/2026\/04\/Gray-Purple-and-White-Simple-Breaking-News-Instagram-Post_20260425_103344_0000.jpg",1080,1350,false],"enternews-slider-full":["https:\/\/afiyafrica.com\/wp-content\/uploads\/2026\/04\/Gray-Purple-and-White-Simple-Breaking-News-Instagram-Post_20260425_103344_0000-1080x845.jpg",1080,845,true],"enternews-featured":["https:\/\/afiyafrica.com\/wp-content\/uploads\/2026\/04\/Gray-Purple-and-White-Simple-Breaking-News-Instagram-Post_20260425_103344_0000-1024x1280.jpg",1024,1280,true],"enternews-medium":["https:\/\/afiyafrica.com\/wp-content\/uploads\/2026\/04\/Gray-Purple-and-White-Simple-Breaking-News-Instagram-Post_20260425_103344_0000-720x475.jpg",720,475,true]},"author_info":{"display_name":"Afiya Africa","author_link":"https:\/\/afiyafrica.com\/index.php\/author\/afiyafrica\/"},"category_info":"<a href=\"https:\/\/afiyafrica.com\/index.php\/category\/actualite\/\" rel=\"category tag\">Actualit\u00e9<\/a> <a href=\"https:\/\/afiyafrica.com\/index.php\/category\/editorials\/\" rel=\"category tag\">Editorials<\/a>","tag_info":"Editorials","comment_count":"0","_links":{"self":[{"href":"https:\/\/afiyafrica.com\/index.php\/wp-json\/wp\/v2\/posts\/8516","targetHints":{"allow":["GET"]}}],"collection":[{"href":"https:\/\/afiyafrica.com\/index.php\/wp-json\/wp\/v2\/posts"}],"about":[{"href":"https:\/\/afiyafrica.com\/index.php\/wp-json\/wp\/v2\/types\/post"}],"author":[{"embeddable":true,"href":"https:\/\/afiyafrica.com\/index.php\/wp-json\/wp\/v2\/users\/4"}],"replies":[{"embeddable":true,"href":"https:\/\/afiyafrica.com\/index.php\/wp-json\/wp\/v2\/comments?post=8516"}],"version-history":[{"count":1,"href":"https:\/\/afiyafrica.com\/index.php\/wp-json\/wp\/v2\/posts\/8516\/revisions"}],"predecessor-version":[{"id":8517,"href":"https:\/\/afiyafrica.com\/index.php\/wp-json\/wp\/v2\/posts\/8516\/revisions\/8517"}],"wp:featuredmedia":[{"embeddable":true,"href":"https:\/\/afiyafrica.com\/index.php\/wp-json\/wp\/v2\/media\/8518"}],"wp:attachment":[{"href":"https:\/\/afiyafrica.com\/index.php\/wp-json\/wp\/v2\/media?parent=8516"}],"wp:term":[{"taxonomy":"category","embeddable":true,"href":"https:\/\/afiyafrica.com\/index.php\/wp-json\/wp\/v2\/categories?post=8516"},{"taxonomy":"post_tag","embeddable":true,"href":"https:\/\/afiyafrica.com\/index.php\/wp-json\/wp\/v2\/tags?post=8516"}],"curies":[{"name":"wp","href":"https:\/\/api.w.org\/{rel}","templated":true}]}}