{"id":6336,"date":"2025-01-05T20:36:38","date_gmt":"2025-01-05T20:36:38","guid":{"rendered":"https:\/\/afiyafrica.com\/?p=6336"},"modified":"2025-01-05T20:38:18","modified_gmt":"2025-01-05T20:38:18","slug":"tchad-preserver-les-enfants-du-vih-sida","status":"publish","type":"post","link":"https:\/\/afiyafrica.com\/index.php\/actualite\/tchad-preserver-les-enfants-du-vih-sida\/","title":{"rendered":"Tchad : pr\u00e9server les enfants du VIH\/sida"},"content":{"rendered":"<div class='booster-block booster-read-block'>\n                <div class=\"twp-read-time\">\n                \t<i class=\"booster-icon twp-clock\"><\/i> <span>Read Time:<\/span>5 Minute, 9 Second                <\/div>\n\n            <\/div><p>Au Tchad, environ 65 000 femmes \u00e2g\u00e9es de plus de 15 ans vivaient avec le VIH 2023, selon le rapport le plus r\u00e9cent de l\u2019ONUSIDA, qui a aussi not\u00e9 un taux de pr\u00e9valence du VIH de 1,3 % chez les femmes \u00e2g\u00e9es de 15 \u00e0 49 ans. Pour lutter contre le virus, le gouvernement a lanc\u00e9 le Programme de pr\u00e9vention de la transmission du VIH de la m\u00e8re-\u00e0 l\u2019enfant (PTME) en 2005, afin de prot\u00e9ger les enfants n\u00e9s de m\u00e8res s\u00e9ropositives de l\u2019infection en trois \u00e9tapes cl\u00e9s : pendant la grossesse, l\u2019accouchement et l\u2019allaitement.<\/p>\n<p>&nbsp;<\/p>\n<p>De mani\u00e8re g\u00e9n\u00e9rale, les indicateurs de prise en charge du VIH chez la m\u00e8re et l\u2019enfant ont connu une am\u00e9lioration au Tchad. Le taux de transmission du VIH de la m\u00e8re \u00e0 l\u2019enfant est pass\u00e9 de 29 % en 2012 \u00e0 19 % en 2023. En 2023, selon la m\u00eame source, 91 000 enfants expos\u00e9s au VIH avaient \u00e9t\u00e9 test\u00e9s n\u00e9gatifs \u00e0 la maladie, et 1300 nouvelles infections de b\u00e9b\u00e9s ont \u00e9t\u00e9 \u00e9vit\u00e9es gr\u00e2ce aux initiatives d\u00e9coulant de la PTME. Ces chiffres s\u2019\u00e9levaient respectivement \u00e0 82000 et 1100 en 2015.<\/p>\n<p>&nbsp;<\/p>\n<p>\u00ab Nous sommes fiers de ces progr\u00e8s \u00bb, se r\u00e9jouit le Dr Hassan Ndengar, point focal pour le suivi du VIH au district sud de N&rsquo;Djam\u00e9na. \u00ab La PTME sauve r\u00e9ellement des vies. Les enfants sont la force d&rsquo;un pays et ils repr\u00e9sentent la future g\u00e9n\u00e9ration. C\u2019est pourquoi, nous devons investir en eux et s\u2019occuper de leur sant\u00e9. \u00bb Pour lui, tout commence par la pr\u00e9vention. \u00ab Nous savons que si nous d\u00e9pistons les femmes en grossesse, nous parviendrons \u00e0 r\u00e9duire le taux de transmission et \u00e0 partir de l\u00e0, nous pourrons briser la cha\u00eene de contamination et r\u00e9duire la pr\u00e9valence au sein de la population. \u00bb<\/p>\n<p>&nbsp;<\/p>\n<p>La prise en charge des femmes en grossesse se situe au c\u0153ur m\u00eame des activit\u00e9s de lutte contre le VIH\/sida dans le pays. C\u2019est pourquoi les sage-femmes font partie du personnel de premi\u00e8re ligne, en plus des m\u00e9decins et des param\u00e9dicaux, ayant b\u00e9n\u00e9fici\u00e9 du renforcement de capacit\u00e9s avec l\u2019appui technique et financier de l\u2019Organisation mondiale de la Sant\u00e9 (OMS). Le soutien de l\u2019OMS couvrait \u00e9galement l\u2019\u00e9laboration des guides et des directives nationales, ainsi que le suivi\/\u00e9valuation.<\/p>\n<p>&nbsp;<\/p>\n<p>En collaboration avec le Programme sectoriel de lutte contre le VIH-sida, les h\u00e9patites et les infections sexuellement transmissibles, 750 personnels de sant\u00e9 ont \u00e9t\u00e9 form\u00e9s ces derni\u00e8res ann\u00e9es sur la prise en charge globale du VIH et des h\u00e9patites. \u00ab Nous avons appris que le test du VIH\/sida est incontournable pour toutes les femmes qui viennent en consultation pr\u00e9natale. D\u00e8s le premier contact, nous devons d\u00e9j\u00e0 les sensibiliser \u00e0 \u00eatre d\u00e9pist\u00e9es \u00bb, relate Judith Haltebaye, sage-femme qui fait partie du personnel form\u00e9. Si le premier test se r\u00e9v\u00e8le positif, un test de confirmation est effectu\u00e9, ensuite la femme dispose d\u2019une prise en charge compl\u00e8te et gratuite \u00e0 travers le counseling et les m\u00e9dicaments antir\u00e9troviraux (ARV).<\/p>\n<p>&nbsp;<\/p>\n<p>Les ARV sauvent la vie et permettent aux personnes vivant avec le VIH d\u2019envisager un avenir avec plus de s\u00e9r\u00e9nit\u00e9. En 2023, 7700 femmes enceintes n\u00e9cessitaient un traitement ARV, et 70 % d\u2019entre elles en recevaient contre 64 % en 2022. Les soins fournis par l\u2019\u00e9quipe ont chang\u00e9 la vie de Menodjie et sauv\u00e9 celle de son enfant. \u00ab Ces m\u00e9dicaments m\u2019ont redonn\u00e9e la force. Avant, je ne pouvais rien soulever, m\u00eame pas une tasse tout pr\u00e8s de moi. Par la suite l\u2019accouchement s\u2019est bien pass\u00e9 et ma fille est n\u00e9e sans le virus. \u00bb<\/p>\n<p>&nbsp;<\/p>\n<p>Avec le succ\u00e8s de la PTME et les r\u00e9sultats enregistr\u00e9s, notamment la majorit\u00e9 des enfants n\u00e9s sans le VIH, les mentalit\u00e9s changent et la confiance est gagn\u00e9e. \u00ab Nous avons re\u00e7u de nombreuses femmes s\u00e9ropositives qui s\u2019engagent pour une autre grossesse car elles sont confiantes que leur b\u00e9b\u00e9 sera sain si elles suivent le protocole. Elles reviennent vers nous car elles ont \u00e9t\u00e9 bien prises en charge. Gr\u00e2ce \u00e0 la PTME, nous sauvons beaucoup de vies et j&rsquo;en suis tr\u00e8s fi\u00e8re \u00bb, affirme Judith.<\/p>\n<p>&nbsp;<\/p>\n<p>Venant en appui au gouvernement, l\u2019OMS intervient dans la mobilisation de fonds, notamment \u00e0 travers le Fonds Mondial, et soutient la mise \u00e0 jour des normes et directives, le diagnostic et la gestion des donn\u00e9es. L\u2019Organisation \u0153uvre \u00e9galement pour l\u2019int\u00e9gration de la lutte contre l&rsquo;h\u00e9patite B et la syphilis en plus du VIH dans la PTME, dans les services de sant\u00e9 maternelle, n\u00e9onatale et infantile.<\/p>\n<p>&nbsp;<\/p>\n<p>\u00ab Ce programme, qui int\u00e8gre trois maladies tr\u00e8s dangereuses pour la m\u00e8re et l\u2019enfant, nous permettra d\u2019am\u00e9liorer la sant\u00e9 maternelle et infantile, r\u00e9duisant ainsi le taux de mortalit\u00e9 chez la m\u00e8re et l\u2019enfant, de renforcer le syst\u00e8me de sant\u00e9 et de prot\u00e9ger les droits humains \u00bb, a d\u00e9clar\u00e9 la Dre Blanche Anya, Repr\u00e9sentante de l\u2019OMS au Tchad. \u00ab Cette approche est tr\u00e8s importante car elle place le patient au c\u0153ur des interventions. Nous \u0153uvrons \u00e0 promouvoir la sant\u00e9 pour tous. \u00bb<\/p>\n<p>&nbsp;<\/p>\n<p>Le Tchad a progress\u00e9 vers l\u2019atteinte des cibles 95-95-95 du Programme commun des Nations Unies sur le VIH\/sida (ONUSIDA) en mati\u00e8re de d\u00e9pistage, de traitement et de suppression de la charge virale du VIH. En 2023, le Tchad \u00e9tait situ\u00e9 respectivement \u00e0 71 % et 86 % concernant les personnes vivant avec le VIH qui connaissent leur statut et les PVVIH qui prennent un traitement ARV. En 2015, le pays \u00e9tait \u00e0 47 % et 70 % pour les deux premi\u00e8res cibles. Les donn\u00e9es sur la troisi\u00e8me cible n\u2019\u00e9taient pas disponibles.<\/p>\n<p>&nbsp;<\/p>\n<p>A N\u2019Djam\u00e9na, quelques mois apr\u00e8s la naissance de sa fille, Menodjie continue son traitement. Pour elle, la vie a repris un rythme normal qui lui fait presque oublier le virus avec lequel elle vit. \u00ab Je me sens bien aujourd\u2019hui, et mes enfants aussi sont en bonne sant\u00e9. Je me souviens encore du bonheur qui m\u2019a envahie \u00e0 l\u2019annonce des r\u00e9sultats de ma fille. Savoir qu\u2019elle est saine est une grande d\u00e9livrance, que je souhaite \u00e0 toutes les personnes vivant avec le VIH car toutes les m\u00e8res au monde souhaitent le meilleur pour leur enfant. \u00bb<\/p>\n<p>&nbsp;<\/p>\n<p>Organisation Mondiale de la Sant\u00e9<\/p>\n        <div class=\"booster-block booster-reactions-block\">\n            <div class=\"twp-reactions-icons\">\n                \n                <div class=\"twp-reacts-wrap\">\n                    <a react-data=\"be-react-1\" post-id=\"6336\" class=\"be-face-icons un-reacted\" href=\"javascript:void(0)\">\n                        <img decoding=\"async\" src=\"https:\/\/afiyafrica.com\/wp-content\/plugins\/booster-extension\/\/assets\/icon\/happy.svg\" alt=\"Happy\">\n                    <\/a>\n                    <div class=\"twp-reaction-title\">\n                        Happy                    <\/div>\n                    <div class=\"twp-count-percent\">\n                                                    <span style=\"display: none;\" class=\"twp-react-count\">0<\/span>\n                        \n                                                <span class=\"twp-react-percent\"><span>0<\/span> %<\/span>\n                                            <\/div>\n                <\/div>\n\n                <div class=\"twp-reacts-wrap\">\n                    <a react-data=\"be-react-2\" post-id=\"6336\" class=\"be-face-icons un-reacted\" href=\"javascript:void(0)\">\n                        <img decoding=\"async\" src=\"https:\/\/afiyafrica.com\/wp-content\/plugins\/booster-extension\/\/assets\/icon\/sad.svg\" alt=\"Sad\">\n                    <\/a>\n                    <div class=\"twp-reaction-title\">\n                        Sad                    <\/div>\n                    <div class=\"twp-count-percent\">\n                                                    <span style=\"display: none;\" class=\"twp-react-count\">0<\/span>\n                                                                        <span class=\"twp-react-percent\"><span>0<\/span> %<\/span>\n                                            <\/div>\n                <\/div>\n\n                <div class=\"twp-reacts-wrap\">\n                    <a react-data=\"be-react-3\" post-id=\"6336\" class=\"be-face-icons un-reacted\" href=\"javascript:void(0)\">\n                        <img decoding=\"async\" src=\"https:\/\/afiyafrica.com\/wp-content\/plugins\/booster-extension\/\/assets\/icon\/excited.svg\" alt=\"Excited\">\n                    <\/a>\n                    <div class=\"twp-reaction-title\">\n                        Excited                    <\/div>\n                    <div class=\"twp-count-percent\">\n                                                    <span style=\"display: none;\" class=\"twp-react-count\">0<\/span>\n                                                                        <span class=\"twp-react-percent\"><span>0<\/span> %<\/span>\n                                            <\/div>\n                <\/div>\n\n                <div class=\"twp-reacts-wrap\">\n                    <a react-data=\"be-react-6\" post-id=\"6336\" class=\"be-face-icons un-reacted\" href=\"javascript:void(0)\">\n                        <img decoding=\"async\" src=\"https:\/\/afiyafrica.com\/wp-content\/plugins\/booster-extension\/\/assets\/icon\/sleepy.svg\" alt=\"Sleepy\">\n                    <\/a>\n                    <div class=\"twp-reaction-title\">\n                        Sleepy                    <\/div>\n                    <div class=\"twp-count-percent\">\n                                                    <span style=\"display: none;\" class=\"twp-react-count\">0<\/span>\n                        \n                                                <span class=\"twp-react-percent\"><span>0<\/span> %<\/span>\n                                            <\/div>\n                <\/div>\n\n                <div class=\"twp-reacts-wrap\">\n                    <a react-data=\"be-react-4\" post-id=\"6336\" class=\"be-face-icons un-reacted\" href=\"javascript:void(0)\">\n                        <img decoding=\"async\" src=\"https:\/\/afiyafrica.com\/wp-content\/plugins\/booster-extension\/\/assets\/icon\/angry.svg\" alt=\"Angry\">\n                    <\/a>\n                    <div class=\"twp-reaction-title\">Angry<\/div>\n                    <div class=\"twp-count-percent\">\n                                                    <span style=\"display: none;\" class=\"twp-react-count\">0<\/span>\n                                                                        <span class=\"twp-react-percent\"><span>0<\/span> %<\/span>\n                        \n                    <\/div>\n                <\/div>\n\n                <div class=\"twp-reacts-wrap\">\n                    <a react-data=\"be-react-5\" post-id=\"6336\" class=\"be-face-icons un-reacted\" href=\"javascript:void(0)\">\n                        <img decoding=\"async\" src=\"https:\/\/afiyafrica.com\/wp-content\/plugins\/booster-extension\/\/assets\/icon\/surprise.svg\" alt=\"Surprise\">\n                    <\/a>\n                    <div class=\"twp-reaction-title\">Surprise<\/div>\n                    <div class=\"twp-count-percent\">\n                                                    <span style=\"display: none;\" class=\"twp-react-count\">0<\/span>\n                                                                        <span class=\"twp-react-percent\"><span>0<\/span> %<\/span>\n                                            <\/div>\n                <\/div>\n\n            <\/div>\n        <\/div>\n\n    ","protected":false},"excerpt":{"rendered":"<p>Au Tchad, environ 65 000 femmes \u00e2g\u00e9es de plus de 15 ans vivaient avec le&#8230;<\/p>\n","protected":false},"author":4,"featured_media":6338,"comment_status":"closed","ping_status":"open","sticky":false,"template":"","format":"standard","meta":{"_monsterinsights_skip_tracking":false,"_monsterinsights_sitenote_active":false,"_monsterinsights_sitenote_note":"","_monsterinsights_sitenote_category":0,"footnotes":""},"categories":[12,1041],"tags":[1188,1071,1214,1337,60,32,62,166,1441],"class_list":["post-6336","post","type-post","status-publish","format-standard","has-post-thumbnail","hentry","category-actualite","category-oms","tag-actualites","tag-actumed","tag-afiya","tag-afiyafrica","tag-afrique-sante","tag-oms","tag-sante-en-afrique","tag-tchad","tag-vih-sida"],"yoast_head":"<!-- This site is optimized with the Yoast SEO plugin v23.2 - https:\/\/yoast.com\/wordpress\/plugins\/seo\/ -->\n<title>Tchad : pr\u00e9server les enfants du VIH\/sida -<\/title>\n<meta name=\"robots\" content=\"index, follow, max-snippet:-1, max-image-preview:large, max-video-preview:-1\" \/>\n<link rel=\"canonical\" href=\"https:\/\/afiyafrica.com\/index.php\/actualite\/tchad-preserver-les-enfants-du-vih-sida\/\" \/>\n<meta property=\"og:locale\" content=\"fr_FR\" \/>\n<meta property=\"og:type\" content=\"article\" \/>\n<meta property=\"og:title\" content=\"Tchad : pr\u00e9server les enfants du VIH\/sida -\" \/>\n<meta property=\"og:description\" content=\"Au Tchad, environ 65 000 femmes \u00e2g\u00e9es de plus de 15 ans vivaient avec le...\" \/>\n<meta property=\"og:url\" content=\"https:\/\/afiyafrica.com\/index.php\/actualite\/tchad-preserver-les-enfants-du-vih-sida\/\" \/>\n<meta property=\"article:published_time\" content=\"2025-01-05T20:36:38+00:00\" \/>\n<meta property=\"article:modified_time\" content=\"2025-01-05T20:38:18+00:00\" \/>\n<meta property=\"og:image\" content=\"https:\/\/afiyafrica.com\/wp-content\/uploads\/2025\/01\/PTME3.jpg\" \/>\n\t<meta property=\"og:image:width\" content=\"300\" \/>\n\t<meta property=\"og:image:height\" content=\"168\" \/>\n\t<meta property=\"og:image:type\" content=\"image\/jpeg\" \/>\n<meta name=\"author\" content=\"Afiya Africa\" \/>\n<meta name=\"twitter:card\" content=\"summary_large_image\" \/>\n<meta name=\"twitter:label1\" content=\"\u00c9crit par\" \/>\n\t<meta name=\"twitter:data1\" content=\"Afiya Africa\" \/>\n\t<meta name=\"twitter:label2\" content=\"Dur\u00e9e de lecture estim\u00e9e\" \/>\n\t<meta name=\"twitter:data2\" content=\"6 minutes\" \/>\n<script type=\"application\/ld+json\" class=\"yoast-schema-graph\">{\"@context\":\"https:\/\/schema.org\",\"@graph\":[{\"@type\":\"WebPage\",\"@id\":\"https:\/\/afiyafrica.com\/index.php\/actualite\/tchad-preserver-les-enfants-du-vih-sida\/\",\"url\":\"https:\/\/afiyafrica.com\/index.php\/actualite\/tchad-preserver-les-enfants-du-vih-sida\/\",\"name\":\"Tchad : pr\u00e9server les enfants du VIH\/sida -\",\"isPartOf\":{\"@id\":\"https:\/\/afiyafrica.com\/#website\"},\"primaryImageOfPage\":{\"@id\":\"https:\/\/afiyafrica.com\/index.php\/actualite\/tchad-preserver-les-enfants-du-vih-sida\/#primaryimage\"},\"image\":{\"@id\":\"https:\/\/afiyafrica.com\/index.php\/actualite\/tchad-preserver-les-enfants-du-vih-sida\/#primaryimage\"},\"thumbnailUrl\":\"https:\/\/afiyafrica.com\/wp-content\/uploads\/2025\/01\/PTME3.jpg\",\"datePublished\":\"2025-01-05T20:36:38+00:00\",\"dateModified\":\"2025-01-05T20:38:18+00:00\",\"author\":{\"@id\":\"https:\/\/afiyafrica.com\/#\/schema\/person\/214bc1623c9d3742df50298a765c4dec\"},\"breadcrumb\":{\"@id\":\"https:\/\/afiyafrica.com\/index.php\/actualite\/tchad-preserver-les-enfants-du-vih-sida\/#breadcrumb\"},\"inLanguage\":\"fr-FR\",\"potentialAction\":[{\"@type\":\"ReadAction\",\"target\":[\"https:\/\/afiyafrica.com\/index.php\/actualite\/tchad-preserver-les-enfants-du-vih-sida\/\"]}]},{\"@type\":\"ImageObject\",\"inLanguage\":\"fr-FR\",\"@id\":\"https:\/\/afiyafrica.com\/index.php\/actualite\/tchad-preserver-les-enfants-du-vih-sida\/#primaryimage\",\"url\":\"https:\/\/afiyafrica.com\/wp-content\/uploads\/2025\/01\/PTME3.jpg\",\"contentUrl\":\"https:\/\/afiyafrica.com\/wp-content\/uploads\/2025\/01\/PTME3.jpg\",\"width\":300,\"height\":168},{\"@type\":\"BreadcrumbList\",\"@id\":\"https:\/\/afiyafrica.com\/index.php\/actualite\/tchad-preserver-les-enfants-du-vih-sida\/#breadcrumb\",\"itemListElement\":[{\"@type\":\"ListItem\",\"position\":1,\"name\":\"Accueil\",\"item\":\"https:\/\/afiyafrica.com\/\"},{\"@type\":\"ListItem\",\"position\":2,\"name\":\"Tchad : pr\u00e9server les enfants du VIH\/sida\"}]},{\"@type\":\"WebSite\",\"@id\":\"https:\/\/afiyafrica.com\/#website\",\"url\":\"https:\/\/afiyafrica.com\/\",\"name\":\"\",\"description\":\"\",\"potentialAction\":[{\"@type\":\"SearchAction\",\"target\":{\"@type\":\"EntryPoint\",\"urlTemplate\":\"https:\/\/afiyafrica.com\/?s={search_term_string}\"},\"query-input\":\"required name=search_term_string\"}],\"inLanguage\":\"fr-FR\"},{\"@type\":\"Person\",\"@id\":\"https:\/\/afiyafrica.com\/#\/schema\/person\/214bc1623c9d3742df50298a765c4dec\",\"name\":\"Afiya Africa\",\"image\":{\"@type\":\"ImageObject\",\"inLanguage\":\"fr-FR\",\"@id\":\"https:\/\/afiyafrica.com\/#\/schema\/person\/image\/\",\"url\":\"https:\/\/secure.gravatar.com\/avatar\/d3b666b3619239f23c99ceed618c91e123b81900258fb5aed47318848e25bfeb?s=96&d=mm&r=g\",\"contentUrl\":\"https:\/\/secure.gravatar.com\/avatar\/d3b666b3619239f23c99ceed618c91e123b81900258fb5aed47318848e25bfeb?s=96&d=mm&r=g\",\"caption\":\"Afiya Africa\"},\"url\":\"https:\/\/afiyafrica.com\/index.php\/author\/afiyafrica\/\"}]}<\/script>\n<!-- \/ Yoast SEO plugin. -->","yoast_head_json":{"title":"Tchad : pr\u00e9server les enfants du VIH\/sida -","robots":{"index":"index","follow":"follow","max-snippet":"max-snippet:-1","max-image-preview":"max-image-preview:large","max-video-preview":"max-video-preview:-1"},"canonical":"https:\/\/afiyafrica.com\/index.php\/actualite\/tchad-preserver-les-enfants-du-vih-sida\/","og_locale":"fr_FR","og_type":"article","og_title":"Tchad : pr\u00e9server les enfants du VIH\/sida -","og_description":"Au Tchad, environ 65 000 femmes \u00e2g\u00e9es de plus de 15 ans vivaient avec le...","og_url":"https:\/\/afiyafrica.com\/index.php\/actualite\/tchad-preserver-les-enfants-du-vih-sida\/","article_published_time":"2025-01-05T20:36:38+00:00","article_modified_time":"2025-01-05T20:38:18+00:00","og_image":[{"width":300,"height":168,"url":"https:\/\/afiyafrica.com\/wp-content\/uploads\/2025\/01\/PTME3.jpg","type":"image\/jpeg"}],"author":"Afiya Africa","twitter_card":"summary_large_image","twitter_misc":{"\u00c9crit par":"Afiya Africa","Dur\u00e9e de lecture estim\u00e9e":"6 minutes"},"schema":{"@context":"https:\/\/schema.org","@graph":[{"@type":"WebPage","@id":"https:\/\/afiyafrica.com\/index.php\/actualite\/tchad-preserver-les-enfants-du-vih-sida\/","url":"https:\/\/afiyafrica.com\/index.php\/actualite\/tchad-preserver-les-enfants-du-vih-sida\/","name":"Tchad : pr\u00e9server les enfants du VIH\/sida -","isPartOf":{"@id":"https:\/\/afiyafrica.com\/#website"},"primaryImageOfPage":{"@id":"https:\/\/afiyafrica.com\/index.php\/actualite\/tchad-preserver-les-enfants-du-vih-sida\/#primaryimage"},"image":{"@id":"https:\/\/afiyafrica.com\/index.php\/actualite\/tchad-preserver-les-enfants-du-vih-sida\/#primaryimage"},"thumbnailUrl":"https:\/\/afiyafrica.com\/wp-content\/uploads\/2025\/01\/PTME3.jpg","datePublished":"2025-01-05T20:36:38+00:00","dateModified":"2025-01-05T20:38:18+00:00","author":{"@id":"https:\/\/afiyafrica.com\/#\/schema\/person\/214bc1623c9d3742df50298a765c4dec"},"breadcrumb":{"@id":"https:\/\/afiyafrica.com\/index.php\/actualite\/tchad-preserver-les-enfants-du-vih-sida\/#breadcrumb"},"inLanguage":"fr-FR","potentialAction":[{"@type":"ReadAction","target":["https:\/\/afiyafrica.com\/index.php\/actualite\/tchad-preserver-les-enfants-du-vih-sida\/"]}]},{"@type":"ImageObject","inLanguage":"fr-FR","@id":"https:\/\/afiyafrica.com\/index.php\/actualite\/tchad-preserver-les-enfants-du-vih-sida\/#primaryimage","url":"https:\/\/afiyafrica.com\/wp-content\/uploads\/2025\/01\/PTME3.jpg","contentUrl":"https:\/\/afiyafrica.com\/wp-content\/uploads\/2025\/01\/PTME3.jpg","width":300,"height":168},{"@type":"BreadcrumbList","@id":"https:\/\/afiyafrica.com\/index.php\/actualite\/tchad-preserver-les-enfants-du-vih-sida\/#breadcrumb","itemListElement":[{"@type":"ListItem","position":1,"name":"Accueil","item":"https:\/\/afiyafrica.com\/"},{"@type":"ListItem","position":2,"name":"Tchad : pr\u00e9server les enfants du VIH\/sida"}]},{"@type":"WebSite","@id":"https:\/\/afiyafrica.com\/#website","url":"https:\/\/afiyafrica.com\/","name":"","description":"","potentialAction":[{"@type":"SearchAction","target":{"@type":"EntryPoint","urlTemplate":"https:\/\/afiyafrica.com\/?s={search_term_string}"},"query-input":"required name=search_term_string"}],"inLanguage":"fr-FR"},{"@type":"Person","@id":"https:\/\/afiyafrica.com\/#\/schema\/person\/214bc1623c9d3742df50298a765c4dec","name":"Afiya Africa","image":{"@type":"ImageObject","inLanguage":"fr-FR","@id":"https:\/\/afiyafrica.com\/#\/schema\/person\/image\/","url":"https:\/\/secure.gravatar.com\/avatar\/d3b666b3619239f23c99ceed618c91e123b81900258fb5aed47318848e25bfeb?s=96&d=mm&r=g","contentUrl":"https:\/\/secure.gravatar.com\/avatar\/d3b666b3619239f23c99ceed618c91e123b81900258fb5aed47318848e25bfeb?s=96&d=mm&r=g","caption":"Afiya Africa"},"url":"https:\/\/afiyafrica.com\/index.php\/author\/afiyafrica\/"}]}},"featured_image_urls":{"full":["https:\/\/afiyafrica.com\/wp-content\/uploads\/2025\/01\/PTME3.jpg",300,168,false],"thumbnail":["https:\/\/afiyafrica.com\/wp-content\/uploads\/2025\/01\/PTME3-150x150.jpg",150,150,true],"medium":["https:\/\/afiyafrica.com\/wp-content\/uploads\/2025\/01\/PTME3.jpg",300,168,false],"medium_large":["https:\/\/afiyafrica.com\/wp-content\/uploads\/2025\/01\/PTME3.jpg",300,168,false],"large":["https:\/\/afiyafrica.com\/wp-content\/uploads\/2025\/01\/PTME3.jpg",300,168,false],"rpg_image_slider":["https:\/\/afiyafrica.com\/wp-content\/uploads\/2025\/01\/PTME3.jpg",300,168,false],"rpg_image_thumbnail":["https:\/\/afiyafrica.com\/wp-content\/uploads\/2025\/01\/PTME3.jpg",300,168,false],"1536x1536":["https:\/\/afiyafrica.com\/wp-content\/uploads\/2025\/01\/PTME3.jpg",300,168,false],"2048x2048":["https:\/\/afiyafrica.com\/wp-content\/uploads\/2025\/01\/PTME3.jpg",300,168,false],"enternews-slider-full":["https:\/\/afiyafrica.com\/wp-content\/uploads\/2025\/01\/PTME3.jpg",300,168,false],"enternews-featured":["https:\/\/afiyafrica.com\/wp-content\/uploads\/2025\/01\/PTME3.jpg",300,168,false],"enternews-medium":["https:\/\/afiyafrica.com\/wp-content\/uploads\/2025\/01\/PTME3.jpg",300,168,false]},"author_info":{"display_name":"Afiya Africa","author_link":"https:\/\/afiyafrica.com\/index.php\/author\/afiyafrica\/"},"category_info":"<a href=\"https:\/\/afiyafrica.com\/index.php\/category\/actualite\/\" rel=\"category tag\">Actualit\u00e9<\/a> <a href=\"https:\/\/afiyafrica.com\/index.php\/category\/oms\/\" rel=\"category tag\">OMS<\/a>","tag_info":"OMS","comment_count":"0","_links":{"self":[{"href":"https:\/\/afiyafrica.com\/index.php\/wp-json\/wp\/v2\/posts\/6336","targetHints":{"allow":["GET"]}}],"collection":[{"href":"https:\/\/afiyafrica.com\/index.php\/wp-json\/wp\/v2\/posts"}],"about":[{"href":"https:\/\/afiyafrica.com\/index.php\/wp-json\/wp\/v2\/types\/post"}],"author":[{"embeddable":true,"href":"https:\/\/afiyafrica.com\/index.php\/wp-json\/wp\/v2\/users\/4"}],"replies":[{"embeddable":true,"href":"https:\/\/afiyafrica.com\/index.php\/wp-json\/wp\/v2\/comments?post=6336"}],"version-history":[{"count":1,"href":"https:\/\/afiyafrica.com\/index.php\/wp-json\/wp\/v2\/posts\/6336\/revisions"}],"predecessor-version":[{"id":6337,"href":"https:\/\/afiyafrica.com\/index.php\/wp-json\/wp\/v2\/posts\/6336\/revisions\/6337"}],"wp:featuredmedia":[{"embeddable":true,"href":"https:\/\/afiyafrica.com\/index.php\/wp-json\/wp\/v2\/media\/6338"}],"wp:attachment":[{"href":"https:\/\/afiyafrica.com\/index.php\/wp-json\/wp\/v2\/media?parent=6336"}],"wp:term":[{"taxonomy":"category","embeddable":true,"href":"https:\/\/afiyafrica.com\/index.php\/wp-json\/wp\/v2\/categories?post=6336"},{"taxonomy":"post_tag","embeddable":true,"href":"https:\/\/afiyafrica.com\/index.php\/wp-json\/wp\/v2\/tags?post=6336"}],"curies":[{"name":"wp","href":"https:\/\/api.w.org\/{rel}","templated":true}]}}