{"id":5146,"date":"2024-02-29T11:09:10","date_gmt":"2024-02-29T11:09:10","guid":{"rendered":"https:\/\/afiyafrica.com\/?p=5146"},"modified":"2024-02-29T11:10:08","modified_gmt":"2024-02-29T11:10:08","slug":"28-fevrier-2024-lutte-contre-lepidemie-du-cholera-le-ministere-de-la-sante-devant-les-medias","status":"publish","type":"post","link":"https:\/\/afiyafrica.com\/index.php\/actualite\/28-fevrier-2024-lutte-contre-lepidemie-du-cholera-le-ministere-de-la-sante-devant-les-medias\/","title":{"rendered":"28 F\u00c9VRIER 2024| LUTTE CONTRE L&rsquo;\u00c9PID\u00c9MIE DU CHOL\u00c9RA. LE MINIST\u00c8RE DE LA SANT\u00c9 DEVANT LES M\u00c9DIAS"},"content":{"rendered":"<div class='booster-block booster-read-block'>\n                <div class=\"twp-read-time\">\n                \t<i class=\"booster-icon twp-clock\"><\/i> <span>Read Time:<\/span>1 Minute, 59 Second                <\/div>\n\n            <\/div>\n<p> <br><br>\u00a0\u00a0 Dans le cadre de la lutte contre l&rsquo;\u00e9pid\u00e9mie du chol\u00e9ra qui s\u00e9journe actuellement aux Comores, une troisi\u00e8me r\u00e9union d&rsquo;\u00e9changes r\u00e9guliers est tenue, le matin de ce mercredi 28 F\u00e9vrier 2024, entre le Minist\u00e8re de la Sant\u00e9 et la presse locale \u00e0 la salle de conf\u00e9rence du Minist\u00e8re de la Sant\u00e9, en pr\u00e9sence de l&rsquo;Inspecteur g\u00e9n\u00e9ral de la Sant\u00e9 et de certains membres du d\u00e9partement sanitaire du pays.<br><br>\u00a0 <br>\u00a0 Pr\u00e9sid\u00e9 par Dr Aboubacar Sa\u00efd Anli, Secr\u00e9taire G\u00e9n\u00e9ral de la Sant\u00e9 et, d&rsquo;habitude, aux c\u00f4t\u00e9s du Conseiller technique de madame la Ministre de la Sant\u00e9, du DPS, du DGS, etc, les \u00e9changes \u00e9taient focalis\u00e9s d&rsquo;abord sur l&rsquo;historique des \u00e9pid\u00e9mies du Chol\u00e9ra qui avait frapp\u00e9 l&rsquo;archipel des Comores pour la premi\u00e8re fois en 1975 et qui, en divers \u00e9pisodes, n&rsquo;avait cess\u00e9 de ramener tout le peuple dans une inqui\u00e9tude parall\u00e8le, \u00e9nigmatique et effrayante surtout au d\u00e9but des ann\u00e9es 80 \u00e0 travers lesquelles le pays a \u00e9t\u00e9 devenu une proie fra\u00eeche dans la bouche d&rsquo;un Chol\u00e9ra affam\u00e9 pendant 14 mois cons\u00e9cutifs.<br><br>\u00a0 Le SGS a aussi rappel\u00e9 les diff\u00e9rentes avanc\u00e9es strat\u00e9giques r\u00e9alis\u00e9es par le Gouvernement comorien \u00e0 travers le Minist\u00e8re de la Sant\u00e9 et ses partenaires proches collaborateurs notamment l&rsquo;OMS, l&rsquo;UNICEF, le Croissant-Rouge comorien, la banque mondiale, etc, dans le cadre de la riposte contre cette \u00e9pid\u00e9mie apr\u00e8s avoir \u00e9voqu\u00e9 les diff\u00e9rents plans op\u00e9rationnels trac\u00e9s par les int\u00e9grateurs r\u00e9gionaux, nationaux et internationaux.<br><br>\u00a0\u00a0 En outre, \u00e0 travers son allocution, Dr Aboubacar Sa\u00efd Anli aurait \u00e9galement insist\u00e9 sur l&rsquo;importance de l&rsquo;implication des organes de la presse nationale dans cette lutte pour l&rsquo;\u00e9radication de cette maladie connot\u00e9e tr\u00e8s dangereuse. S&rsquo;agissant des perspectives d\u00e9j\u00e0 mises en cours, il a \u00e9t\u00e9 not\u00e9 qu&rsquo;\u00e0 travers la politique de sensibilisation men\u00e9e par les m\u00e9dias, les pros\u00e9lytes religieux ainsi que les autres cat\u00e9gories sociales, le Taux de d\u00e9c\u00e8s se red\u00e9voile stagn\u00e9, malgr\u00e9 les variantes du Taux de positivit\u00e9 des tests. Ainsi plusieurs interventions ont honor\u00e9 ce grand pas qui chemine vers la bonne direction pour que l&rsquo;ensemble du peuple comorien puisse avoir une vision compl\u00e8te, commune et perspicace sur la dangerosit\u00e9 de cette maladie.<br><br>\u00a0\u00a0 Pour rappel, la r\u00e9union d&rsquo;\u00e9changes de ce mercredi a \u00e9t\u00e9, non seulement, une v\u00e9ritable opportunit\u00e9 pour les journalistes de repositionner leurs diff\u00e9rentes id\u00e9es pour la lutte contre l&rsquo;\u00e9pid\u00e9mie du chol\u00e9ra, mais aussi un avant-go\u00fbt dans l&rsquo;apprentissage de la ma\u00eetrise de soi face \u00e0 toute maladie \u00e9pid\u00e9miologique.<br><br>\u00a0 Attach\u00e9 de presse : F.S.T<\/p>\n\n\n\n<p>Afiya<\/p>\n        <div class=\"booster-block booster-reactions-block\">\n            <div class=\"twp-reactions-icons\">\n                \n                <div class=\"twp-reacts-wrap\">\n                    <a react-data=\"be-react-1\" post-id=\"5146\" class=\"be-face-icons un-reacted\" href=\"javascript:void(0)\">\n                        <img decoding=\"async\" src=\"https:\/\/afiyafrica.com\/wp-content\/plugins\/booster-extension\/\/assets\/icon\/happy.svg\" alt=\"Happy\">\n                    <\/a>\n                    <div class=\"twp-reaction-title\">\n                        Happy                    <\/div>\n                    <div class=\"twp-count-percent\">\n                                                    <span style=\"display: none;\" class=\"twp-react-count\">0<\/span>\n                        \n                                                <span class=\"twp-react-percent\"><span>0<\/span> %<\/span>\n                                            <\/div>\n                <\/div>\n\n                <div class=\"twp-reacts-wrap\">\n                    <a react-data=\"be-react-2\" post-id=\"5146\" class=\"be-face-icons un-reacted\" href=\"javascript:void(0)\">\n                        <img decoding=\"async\" src=\"https:\/\/afiyafrica.com\/wp-content\/plugins\/booster-extension\/\/assets\/icon\/sad.svg\" alt=\"Sad\">\n                    <\/a>\n                    <div class=\"twp-reaction-title\">\n                        Sad                    <\/div>\n                    <div class=\"twp-count-percent\">\n                                                    <span style=\"display: none;\" class=\"twp-react-count\">0<\/span>\n                                                                        <span class=\"twp-react-percent\"><span>0<\/span> %<\/span>\n                                            <\/div>\n                <\/div>\n\n                <div class=\"twp-reacts-wrap\">\n                    <a react-data=\"be-react-3\" post-id=\"5146\" class=\"be-face-icons un-reacted\" href=\"javascript:void(0)\">\n                        <img decoding=\"async\" src=\"https:\/\/afiyafrica.com\/wp-content\/plugins\/booster-extension\/\/assets\/icon\/excited.svg\" alt=\"Excited\">\n                    <\/a>\n                    <div class=\"twp-reaction-title\">\n                        Excited                    <\/div>\n                    <div class=\"twp-count-percent\">\n                                                    <span style=\"display: none;\" class=\"twp-react-count\">0<\/span>\n                                                                        <span class=\"twp-react-percent\"><span>0<\/span> %<\/span>\n                                            <\/div>\n                <\/div>\n\n                <div class=\"twp-reacts-wrap\">\n                    <a react-data=\"be-react-6\" post-id=\"5146\" class=\"be-face-icons un-reacted\" href=\"javascript:void(0)\">\n                        <img decoding=\"async\" src=\"https:\/\/afiyafrica.com\/wp-content\/plugins\/booster-extension\/\/assets\/icon\/sleepy.svg\" alt=\"Sleepy\">\n                    <\/a>\n                    <div class=\"twp-reaction-title\">\n                        Sleepy                    <\/div>\n                    <div class=\"twp-count-percent\">\n                                                    <span style=\"display: none;\" class=\"twp-react-count\">0<\/span>\n                        \n                                                <span class=\"twp-react-percent\"><span>0<\/span> %<\/span>\n                                            <\/div>\n                <\/div>\n\n                <div class=\"twp-reacts-wrap\">\n                    <a react-data=\"be-react-4\" post-id=\"5146\" class=\"be-face-icons un-reacted\" href=\"javascript:void(0)\">\n                        <img decoding=\"async\" src=\"https:\/\/afiyafrica.com\/wp-content\/plugins\/booster-extension\/\/assets\/icon\/angry.svg\" alt=\"Angry\">\n                    <\/a>\n                    <div class=\"twp-reaction-title\">Angry<\/div>\n                    <div class=\"twp-count-percent\">\n                                                    <span style=\"display: none;\" class=\"twp-react-count\">0<\/span>\n                                                                        <span class=\"twp-react-percent\"><span>0<\/span> %<\/span>\n                        \n                    <\/div>\n                <\/div>\n\n                <div class=\"twp-reacts-wrap\">\n                    <a react-data=\"be-react-5\" post-id=\"5146\" class=\"be-face-icons un-reacted\" href=\"javascript:void(0)\">\n                        <img decoding=\"async\" src=\"https:\/\/afiyafrica.com\/wp-content\/plugins\/booster-extension\/\/assets\/icon\/surprise.svg\" alt=\"Surprise\">\n                    <\/a>\n                    <div class=\"twp-reaction-title\">Surprise<\/div>\n                    <div class=\"twp-count-percent\">\n                                                    <span style=\"display: none;\" class=\"twp-react-count\">0<\/span>\n                                                                        <span class=\"twp-react-percent\"><span>0<\/span> %<\/span>\n                                            <\/div>\n                <\/div>\n\n            <\/div>\n        <\/div>\n\n    ","protected":false},"excerpt":{"rendered":"<p>\u00a0\u00a0 Dans le cadre de la lutte contre l&rsquo;\u00e9pid\u00e9mie du chol\u00e9ra qui s\u00e9journe actuellement aux&#8230;<\/p>\n","protected":false},"author":4,"featured_media":5145,"comment_status":"closed","ping_status":"open","sticky":false,"template":"","format":"standard","meta":{"_monsterinsights_skip_tracking":false,"_monsterinsights_sitenote_active":false,"_monsterinsights_sitenote_note":"","_monsterinsights_sitenote_category":0,"footnotes":""},"categories":[12],"tags":[1188,1071,1214,60,1007,1112],"class_list":["post-5146","post","type-post","status-publish","format-standard","has-post-thumbnail","hentry","category-actualite","tag-actualites","tag-actumed","tag-afiya","tag-afrique-sante","tag-comores","tag-news"],"yoast_head":"<!-- This site is optimized with the Yoast SEO plugin v23.2 - https:\/\/yoast.com\/wordpress\/plugins\/seo\/ -->\n<title>28 F\u00c9VRIER 2024| LUTTE CONTRE L&#039;\u00c9PID\u00c9MIE DU CHOL\u00c9RA. LE MINIST\u00c8RE DE LA SANT\u00c9 DEVANT LES M\u00c9DIAS -<\/title>\n<meta name=\"robots\" content=\"index, follow, max-snippet:-1, max-image-preview:large, max-video-preview:-1\" \/>\n<link rel=\"canonical\" href=\"https:\/\/afiyafrica.com\/index.php\/actualite\/28-fevrier-2024-lutte-contre-lepidemie-du-cholera-le-ministere-de-la-sante-devant-les-medias\/\" \/>\n<meta property=\"og:locale\" content=\"fr_FR\" \/>\n<meta property=\"og:type\" content=\"article\" \/>\n<meta property=\"og:title\" content=\"28 F\u00c9VRIER 2024| LUTTE CONTRE L&#039;\u00c9PID\u00c9MIE DU CHOL\u00c9RA. LE MINIST\u00c8RE DE LA SANT\u00c9 DEVANT LES M\u00c9DIAS -\" \/>\n<meta property=\"og:description\" content=\"\u00a0\u00a0 Dans le cadre de la lutte contre l&rsquo;\u00e9pid\u00e9mie du chol\u00e9ra qui s\u00e9journe actuellement aux...\" \/>\n<meta property=\"og:url\" content=\"https:\/\/afiyafrica.com\/index.php\/actualite\/28-fevrier-2024-lutte-contre-lepidemie-du-cholera-le-ministere-de-la-sante-devant-les-medias\/\" \/>\n<meta property=\"article:published_time\" content=\"2024-02-29T11:09:10+00:00\" \/>\n<meta property=\"article:modified_time\" content=\"2024-02-29T11:10:08+00:00\" \/>\n<meta property=\"og:image\" content=\"https:\/\/afiyafrica.com\/wp-content\/uploads\/2024\/02\/FB_IMG_1709204893278.jpg\" \/>\n\t<meta property=\"og:image:width\" content=\"720\" \/>\n\t<meta property=\"og:image:height\" content=\"405\" \/>\n\t<meta property=\"og:image:type\" content=\"image\/jpeg\" \/>\n<meta name=\"author\" content=\"Afiya Africa\" \/>\n<meta name=\"twitter:card\" content=\"summary_large_image\" \/>\n<meta name=\"twitter:label1\" content=\"\u00c9crit par\" \/>\n\t<meta name=\"twitter:data1\" content=\"Afiya Africa\" \/>\n\t<meta name=\"twitter:label2\" content=\"Dur\u00e9e de lecture estim\u00e9e\" \/>\n\t<meta name=\"twitter:data2\" content=\"2 minutes\" \/>\n<script type=\"application\/ld+json\" class=\"yoast-schema-graph\">{\"@context\":\"https:\/\/schema.org\",\"@graph\":[{\"@type\":\"WebPage\",\"@id\":\"https:\/\/afiyafrica.com\/index.php\/actualite\/28-fevrier-2024-lutte-contre-lepidemie-du-cholera-le-ministere-de-la-sante-devant-les-medias\/\",\"url\":\"https:\/\/afiyafrica.com\/index.php\/actualite\/28-fevrier-2024-lutte-contre-lepidemie-du-cholera-le-ministere-de-la-sante-devant-les-medias\/\",\"name\":\"28 F\u00c9VRIER 2024| LUTTE CONTRE L'\u00c9PID\u00c9MIE DU CHOL\u00c9RA. LE MINIST\u00c8RE DE LA SANT\u00c9 DEVANT LES M\u00c9DIAS -\",\"isPartOf\":{\"@id\":\"https:\/\/afiyafrica.com\/#website\"},\"primaryImageOfPage\":{\"@id\":\"https:\/\/afiyafrica.com\/index.php\/actualite\/28-fevrier-2024-lutte-contre-lepidemie-du-cholera-le-ministere-de-la-sante-devant-les-medias\/#primaryimage\"},\"image\":{\"@id\":\"https:\/\/afiyafrica.com\/index.php\/actualite\/28-fevrier-2024-lutte-contre-lepidemie-du-cholera-le-ministere-de-la-sante-devant-les-medias\/#primaryimage\"},\"thumbnailUrl\":\"https:\/\/afiyafrica.com\/wp-content\/uploads\/2024\/02\/FB_IMG_1709204893278.jpg\",\"datePublished\":\"2024-02-29T11:09:10+00:00\",\"dateModified\":\"2024-02-29T11:10:08+00:00\",\"author\":{\"@id\":\"https:\/\/afiyafrica.com\/#\/schema\/person\/214bc1623c9d3742df50298a765c4dec\"},\"breadcrumb\":{\"@id\":\"https:\/\/afiyafrica.com\/index.php\/actualite\/28-fevrier-2024-lutte-contre-lepidemie-du-cholera-le-ministere-de-la-sante-devant-les-medias\/#breadcrumb\"},\"inLanguage\":\"fr-FR\",\"potentialAction\":[{\"@type\":\"ReadAction\",\"target\":[\"https:\/\/afiyafrica.com\/index.php\/actualite\/28-fevrier-2024-lutte-contre-lepidemie-du-cholera-le-ministere-de-la-sante-devant-les-medias\/\"]}]},{\"@type\":\"ImageObject\",\"inLanguage\":\"fr-FR\",\"@id\":\"https:\/\/afiyafrica.com\/index.php\/actualite\/28-fevrier-2024-lutte-contre-lepidemie-du-cholera-le-ministere-de-la-sante-devant-les-medias\/#primaryimage\",\"url\":\"https:\/\/afiyafrica.com\/wp-content\/uploads\/2024\/02\/FB_IMG_1709204893278.jpg\",\"contentUrl\":\"https:\/\/afiyafrica.com\/wp-content\/uploads\/2024\/02\/FB_IMG_1709204893278.jpg\",\"width\":720,\"height\":405},{\"@type\":\"BreadcrumbList\",\"@id\":\"https:\/\/afiyafrica.com\/index.php\/actualite\/28-fevrier-2024-lutte-contre-lepidemie-du-cholera-le-ministere-de-la-sante-devant-les-medias\/#breadcrumb\",\"itemListElement\":[{\"@type\":\"ListItem\",\"position\":1,\"name\":\"Accueil\",\"item\":\"https:\/\/afiyafrica.com\/\"},{\"@type\":\"ListItem\",\"position\":2,\"name\":\"28 F\u00c9VRIER 2024| LUTTE CONTRE L&rsquo;\u00c9PID\u00c9MIE DU CHOL\u00c9RA. LE MINIST\u00c8RE DE LA SANT\u00c9 DEVANT LES M\u00c9DIAS\"}]},{\"@type\":\"WebSite\",\"@id\":\"https:\/\/afiyafrica.com\/#website\",\"url\":\"https:\/\/afiyafrica.com\/\",\"name\":\"\",\"description\":\"\",\"potentialAction\":[{\"@type\":\"SearchAction\",\"target\":{\"@type\":\"EntryPoint\",\"urlTemplate\":\"https:\/\/afiyafrica.com\/?s={search_term_string}\"},\"query-input\":\"required name=search_term_string\"}],\"inLanguage\":\"fr-FR\"},{\"@type\":\"Person\",\"@id\":\"https:\/\/afiyafrica.com\/#\/schema\/person\/214bc1623c9d3742df50298a765c4dec\",\"name\":\"Afiya Africa\",\"image\":{\"@type\":\"ImageObject\",\"inLanguage\":\"fr-FR\",\"@id\":\"https:\/\/afiyafrica.com\/#\/schema\/person\/image\/\",\"url\":\"https:\/\/secure.gravatar.com\/avatar\/d3b666b3619239f23c99ceed618c91e123b81900258fb5aed47318848e25bfeb?s=96&d=mm&r=g\",\"contentUrl\":\"https:\/\/secure.gravatar.com\/avatar\/d3b666b3619239f23c99ceed618c91e123b81900258fb5aed47318848e25bfeb?s=96&d=mm&r=g\",\"caption\":\"Afiya Africa\"},\"url\":\"https:\/\/afiyafrica.com\/index.php\/author\/afiyafrica\/\"}]}<\/script>\n<!-- \/ Yoast SEO plugin. -->","yoast_head_json":{"title":"28 F\u00c9VRIER 2024| LUTTE CONTRE L'\u00c9PID\u00c9MIE DU CHOL\u00c9RA. LE MINIST\u00c8RE DE LA SANT\u00c9 DEVANT LES M\u00c9DIAS -","robots":{"index":"index","follow":"follow","max-snippet":"max-snippet:-1","max-image-preview":"max-image-preview:large","max-video-preview":"max-video-preview:-1"},"canonical":"https:\/\/afiyafrica.com\/index.php\/actualite\/28-fevrier-2024-lutte-contre-lepidemie-du-cholera-le-ministere-de-la-sante-devant-les-medias\/","og_locale":"fr_FR","og_type":"article","og_title":"28 F\u00c9VRIER 2024| LUTTE CONTRE L'\u00c9PID\u00c9MIE DU CHOL\u00c9RA. LE MINIST\u00c8RE DE LA SANT\u00c9 DEVANT LES M\u00c9DIAS -","og_description":"\u00a0\u00a0 Dans le cadre de la lutte contre l&rsquo;\u00e9pid\u00e9mie du chol\u00e9ra qui s\u00e9journe actuellement aux...","og_url":"https:\/\/afiyafrica.com\/index.php\/actualite\/28-fevrier-2024-lutte-contre-lepidemie-du-cholera-le-ministere-de-la-sante-devant-les-medias\/","article_published_time":"2024-02-29T11:09:10+00:00","article_modified_time":"2024-02-29T11:10:08+00:00","og_image":[{"width":720,"height":405,"url":"https:\/\/afiyafrica.com\/wp-content\/uploads\/2024\/02\/FB_IMG_1709204893278.jpg","type":"image\/jpeg"}],"author":"Afiya Africa","twitter_card":"summary_large_image","twitter_misc":{"\u00c9crit par":"Afiya Africa","Dur\u00e9e de lecture estim\u00e9e":"2 minutes"},"schema":{"@context":"https:\/\/schema.org","@graph":[{"@type":"WebPage","@id":"https:\/\/afiyafrica.com\/index.php\/actualite\/28-fevrier-2024-lutte-contre-lepidemie-du-cholera-le-ministere-de-la-sante-devant-les-medias\/","url":"https:\/\/afiyafrica.com\/index.php\/actualite\/28-fevrier-2024-lutte-contre-lepidemie-du-cholera-le-ministere-de-la-sante-devant-les-medias\/","name":"28 F\u00c9VRIER 2024| LUTTE CONTRE L'\u00c9PID\u00c9MIE DU CHOL\u00c9RA. LE MINIST\u00c8RE DE LA SANT\u00c9 DEVANT LES M\u00c9DIAS -","isPartOf":{"@id":"https:\/\/afiyafrica.com\/#website"},"primaryImageOfPage":{"@id":"https:\/\/afiyafrica.com\/index.php\/actualite\/28-fevrier-2024-lutte-contre-lepidemie-du-cholera-le-ministere-de-la-sante-devant-les-medias\/#primaryimage"},"image":{"@id":"https:\/\/afiyafrica.com\/index.php\/actualite\/28-fevrier-2024-lutte-contre-lepidemie-du-cholera-le-ministere-de-la-sante-devant-les-medias\/#primaryimage"},"thumbnailUrl":"https:\/\/afiyafrica.com\/wp-content\/uploads\/2024\/02\/FB_IMG_1709204893278.jpg","datePublished":"2024-02-29T11:09:10+00:00","dateModified":"2024-02-29T11:10:08+00:00","author":{"@id":"https:\/\/afiyafrica.com\/#\/schema\/person\/214bc1623c9d3742df50298a765c4dec"},"breadcrumb":{"@id":"https:\/\/afiyafrica.com\/index.php\/actualite\/28-fevrier-2024-lutte-contre-lepidemie-du-cholera-le-ministere-de-la-sante-devant-les-medias\/#breadcrumb"},"inLanguage":"fr-FR","potentialAction":[{"@type":"ReadAction","target":["https:\/\/afiyafrica.com\/index.php\/actualite\/28-fevrier-2024-lutte-contre-lepidemie-du-cholera-le-ministere-de-la-sante-devant-les-medias\/"]}]},{"@type":"ImageObject","inLanguage":"fr-FR","@id":"https:\/\/afiyafrica.com\/index.php\/actualite\/28-fevrier-2024-lutte-contre-lepidemie-du-cholera-le-ministere-de-la-sante-devant-les-medias\/#primaryimage","url":"https:\/\/afiyafrica.com\/wp-content\/uploads\/2024\/02\/FB_IMG_1709204893278.jpg","contentUrl":"https:\/\/afiyafrica.com\/wp-content\/uploads\/2024\/02\/FB_IMG_1709204893278.jpg","width":720,"height":405},{"@type":"BreadcrumbList","@id":"https:\/\/afiyafrica.com\/index.php\/actualite\/28-fevrier-2024-lutte-contre-lepidemie-du-cholera-le-ministere-de-la-sante-devant-les-medias\/#breadcrumb","itemListElement":[{"@type":"ListItem","position":1,"name":"Accueil","item":"https:\/\/afiyafrica.com\/"},{"@type":"ListItem","position":2,"name":"28 F\u00c9VRIER 2024| LUTTE CONTRE L&rsquo;\u00c9PID\u00c9MIE DU CHOL\u00c9RA. LE MINIST\u00c8RE DE LA SANT\u00c9 DEVANT LES M\u00c9DIAS"}]},{"@type":"WebSite","@id":"https:\/\/afiyafrica.com\/#website","url":"https:\/\/afiyafrica.com\/","name":"","description":"","potentialAction":[{"@type":"SearchAction","target":{"@type":"EntryPoint","urlTemplate":"https:\/\/afiyafrica.com\/?s={search_term_string}"},"query-input":"required name=search_term_string"}],"inLanguage":"fr-FR"},{"@type":"Person","@id":"https:\/\/afiyafrica.com\/#\/schema\/person\/214bc1623c9d3742df50298a765c4dec","name":"Afiya Africa","image":{"@type":"ImageObject","inLanguage":"fr-FR","@id":"https:\/\/afiyafrica.com\/#\/schema\/person\/image\/","url":"https:\/\/secure.gravatar.com\/avatar\/d3b666b3619239f23c99ceed618c91e123b81900258fb5aed47318848e25bfeb?s=96&d=mm&r=g","contentUrl":"https:\/\/secure.gravatar.com\/avatar\/d3b666b3619239f23c99ceed618c91e123b81900258fb5aed47318848e25bfeb?s=96&d=mm&r=g","caption":"Afiya Africa"},"url":"https:\/\/afiyafrica.com\/index.php\/author\/afiyafrica\/"}]}},"featured_image_urls":{"full":["https:\/\/afiyafrica.com\/wp-content\/uploads\/2024\/02\/FB_IMG_1709204893278.jpg",720,405,false],"thumbnail":["https:\/\/afiyafrica.com\/wp-content\/uploads\/2024\/02\/FB_IMG_1709204893278-150x150.jpg",150,150,true],"medium":["https:\/\/afiyafrica.com\/wp-content\/uploads\/2024\/02\/FB_IMG_1709204893278-300x169.jpg",300,169,true],"medium_large":["https:\/\/afiyafrica.com\/wp-content\/uploads\/2024\/02\/FB_IMG_1709204893278.jpg",640,360,false],"large":["https:\/\/afiyafrica.com\/wp-content\/uploads\/2024\/02\/FB_IMG_1709204893278.jpg",640,360,false],"rpg_image_slider":["https:\/\/afiyafrica.com\/wp-content\/uploads\/2024\/02\/FB_IMG_1709204893278.jpg",720,405,false],"rpg_image_thumbnail":["https:\/\/afiyafrica.com\/wp-content\/uploads\/2024\/02\/FB_IMG_1709204893278.jpg",720,405,false],"1536x1536":["https:\/\/afiyafrica.com\/wp-content\/uploads\/2024\/02\/FB_IMG_1709204893278.jpg",720,405,false],"2048x2048":["https:\/\/afiyafrica.com\/wp-content\/uploads\/2024\/02\/FB_IMG_1709204893278.jpg",720,405,false],"enternews-slider-full":["https:\/\/afiyafrica.com\/wp-content\/uploads\/2024\/02\/FB_IMG_1709204893278.jpg",720,405,false],"enternews-featured":["https:\/\/afiyafrica.com\/wp-content\/uploads\/2024\/02\/FB_IMG_1709204893278.jpg",720,405,false],"enternews-medium":["https:\/\/afiyafrica.com\/wp-content\/uploads\/2024\/02\/FB_IMG_1709204893278.jpg",720,405,false]},"author_info":{"display_name":"Afiya Africa","author_link":"https:\/\/afiyafrica.com\/index.php\/author\/afiyafrica\/"},"category_info":"<a href=\"https:\/\/afiyafrica.com\/index.php\/category\/actualite\/\" rel=\"category tag\">Actualit\u00e9<\/a>","tag_info":"Actualit\u00e9","comment_count":"0","_links":{"self":[{"href":"https:\/\/afiyafrica.com\/index.php\/wp-json\/wp\/v2\/posts\/5146","targetHints":{"allow":["GET"]}}],"collection":[{"href":"https:\/\/afiyafrica.com\/index.php\/wp-json\/wp\/v2\/posts"}],"about":[{"href":"https:\/\/afiyafrica.com\/index.php\/wp-json\/wp\/v2\/types\/post"}],"author":[{"embeddable":true,"href":"https:\/\/afiyafrica.com\/index.php\/wp-json\/wp\/v2\/users\/4"}],"replies":[{"embeddable":true,"href":"https:\/\/afiyafrica.com\/index.php\/wp-json\/wp\/v2\/comments?post=5146"}],"version-history":[{"count":1,"href":"https:\/\/afiyafrica.com\/index.php\/wp-json\/wp\/v2\/posts\/5146\/revisions"}],"predecessor-version":[{"id":5147,"href":"https:\/\/afiyafrica.com\/index.php\/wp-json\/wp\/v2\/posts\/5146\/revisions\/5147"}],"wp:featuredmedia":[{"embeddable":true,"href":"https:\/\/afiyafrica.com\/index.php\/wp-json\/wp\/v2\/media\/5145"}],"wp:attachment":[{"href":"https:\/\/afiyafrica.com\/index.php\/wp-json\/wp\/v2\/media?parent=5146"}],"wp:term":[{"taxonomy":"category","embeddable":true,"href":"https:\/\/afiyafrica.com\/index.php\/wp-json\/wp\/v2\/categories?post=5146"},{"taxonomy":"post_tag","embeddable":true,"href":"https:\/\/afiyafrica.com\/index.php\/wp-json\/wp\/v2\/tags?post=5146"}],"curies":[{"name":"wp","href":"https:\/\/api.w.org\/{rel}","templated":true}]}}