{"id":4895,"date":"2023-12-01T11:11:43","date_gmt":"2023-12-01T11:11:43","guid":{"rendered":"https:\/\/afiyafrica.com\/?p=4895"},"modified":"2023-12-01T11:11:43","modified_gmt":"2023-12-01T11:11:43","slug":"message-du-secretaire-general-de-lonu-a-loccasion-de-la-journee-mondiale-contre-le-sida-2023","status":"publish","type":"post","link":"https:\/\/afiyafrica.com\/index.php\/actualite\/message-du-secretaire-general-de-lonu-a-loccasion-de-la-journee-mondiale-contre-le-sida-2023\/","title":{"rendered":"Message du Secr\u00e9taire g\u00e9n\u00e9ral de l&rsquo;ONU \u00e0 l\u2019occasion de la Journ\u00e9e mondiale contre le sida 2023"},"content":{"rendered":"<div class='booster-block booster-read-block'>\n                <div class=\"twp-read-time\">\n                \t<i class=\"booster-icon twp-clock\"><\/i> <span>Read Time:<\/span>1 Minute, 34 Second                <\/div>\n\n            <\/div><p class=\"selectionShareable\" align=\"center\"><strong><u>Le 1<sup>er<\/sup>\u00a0d\u00e9cembre 2023<\/u><\/strong><\/p>\n<p class=\"selectionShareable\">La Journ\u00e9e mondiale du sida arrive \u00e0 un moment d\u00e9cisif.<\/p>\n<p class=\"selectionShareable\">Les d\u00e9c\u00e8s li\u00e9s au sida ont chut\u00e9 de pr\u00e8s de 70\u00a0% depuis 2004, ann\u00e9e la plus meurtri\u00e8re, et le nombre de nouvelles infections \u00e0 VIH est au plus bas depuis les ann\u00e9es 1980.<\/p>\n<p class=\"selectionShareable\">Pourtant, aujourd\u2019hui encore, chaque minute, une personne meurt du sida.<\/p>\n<p class=\"selectionShareable\">Nous pouvons \u2013 et nous devons \u2013 mettre fin \u00e0 la menace qu\u2019il fait peser sur la sant\u00e9 publique d\u2019ici \u00e0 2030.<\/p>\n<p class=\"selectionShareable\">Pour atteindre cet objectif, il faut mettre en application le th\u00e8me de cette ann\u00e9e et \u00a0\u00ab\u00a0confier le leadership aux communaut\u00e9s\u00a0\u00bb.<\/p>\n<p class=\"selectionShareable\">C\u2019est gr\u00e2ce \u00e0 elles qu\u2019il sera possible d\u2019\u00e9liminer le sida.<\/p>\n<p class=\"selectionShareable\">Et ce, qu\u2019il s\u2019agisse d\u2019acc\u00e9der aux traitements, aux services et au soutien n\u00e9cessaires ou de militer sur le terrain pour que toutes les personnes puissent exercer leur droit \u00e0 la sant\u00e9.<\/p>\n<p class=\"selectionShareable\">C\u2019est en soutenant celles et ceux qui sont en premi\u00e8re ligne que nous gagnerons la lutte contre le sida.<\/p>\n<p class=\"selectionShareable\">Le leadership des communaut\u00e9s doit donc \u00eatre au c\u0153ur de tous les plans, programmes et budgets et de toutes les activit\u00e9s de suivi en lien avec le VIH.<\/p>\n<p class=\"selectionShareable\">Nous devons \u00e9galement lever les obstacles \u00e0 ce leadership et faire en sorte que les groupes locaux de la soci\u00e9t\u00e9 civile puissent avancer dans leur travail essentiel.<\/p>\n<p class=\"selectionShareable\">Plus que tout, nous avons besoin de financements.<\/p>\n<p class=\"selectionShareable\">La lutte contre le sida dans les pays \u00e0 faible revenu et \u00e0 revenu interm\u00e9diaire souffre d\u2019un d\u00e9ficit de 8 milliards de dollars par an.<\/p>\n<p class=\"selectionShareable\">Il faut notamment accro\u00eetre le financement des programmes locaux men\u00e9s par des personnes vivant avec le VIH ainsi que celui des initiatives de pr\u00e9vention conduites par les communaut\u00e9s.<\/p>\n<p class=\"selectionShareable\">Le sida n\u2019est pas invincible.<\/p>\n<p class=\"selectionShareable\">Finissons le travail\u00a0: aidons les communaut\u00e9s \u00e0 mettre fin \u00e0 ce fl\u00e9au dans leurs quartiers, dans leurs pays et dans le monde entier.<\/p>\n        <div class=\"booster-block booster-reactions-block\">\n            <div class=\"twp-reactions-icons\">\n                \n                <div class=\"twp-reacts-wrap\">\n                    <a react-data=\"be-react-1\" post-id=\"4895\" class=\"be-face-icons un-reacted\" href=\"javascript:void(0)\">\n                        <img decoding=\"async\" src=\"https:\/\/afiyafrica.com\/wp-content\/plugins\/booster-extension\/\/assets\/icon\/happy.svg\" alt=\"Happy\">\n                    <\/a>\n                    <div class=\"twp-reaction-title\">\n                        Happy                    <\/div>\n                    <div class=\"twp-count-percent\">\n                                                    <span style=\"display: none;\" class=\"twp-react-count\">0<\/span>\n                        \n                                                <span class=\"twp-react-percent\"><span>0<\/span> %<\/span>\n                                            <\/div>\n                <\/div>\n\n                <div class=\"twp-reacts-wrap\">\n                    <a react-data=\"be-react-2\" post-id=\"4895\" class=\"be-face-icons un-reacted\" href=\"javascript:void(0)\">\n                        <img decoding=\"async\" src=\"https:\/\/afiyafrica.com\/wp-content\/plugins\/booster-extension\/\/assets\/icon\/sad.svg\" alt=\"Sad\">\n                    <\/a>\n                    <div class=\"twp-reaction-title\">\n                        Sad                    <\/div>\n                    <div class=\"twp-count-percent\">\n                                                    <span style=\"display: none;\" class=\"twp-react-count\">0<\/span>\n                                                                        <span class=\"twp-react-percent\"><span>0<\/span> %<\/span>\n                                            <\/div>\n                <\/div>\n\n                <div class=\"twp-reacts-wrap\">\n                    <a react-data=\"be-react-3\" post-id=\"4895\" class=\"be-face-icons un-reacted\" href=\"javascript:void(0)\">\n                        <img decoding=\"async\" src=\"https:\/\/afiyafrica.com\/wp-content\/plugins\/booster-extension\/\/assets\/icon\/excited.svg\" alt=\"Excited\">\n                    <\/a>\n                    <div class=\"twp-reaction-title\">\n                        Excited                    <\/div>\n                    <div class=\"twp-count-percent\">\n                                                    <span style=\"display: none;\" class=\"twp-react-count\">0<\/span>\n                                                                        <span class=\"twp-react-percent\"><span>0<\/span> %<\/span>\n                                            <\/div>\n                <\/div>\n\n                <div class=\"twp-reacts-wrap\">\n                    <a react-data=\"be-react-6\" post-id=\"4895\" class=\"be-face-icons un-reacted\" href=\"javascript:void(0)\">\n                        <img decoding=\"async\" src=\"https:\/\/afiyafrica.com\/wp-content\/plugins\/booster-extension\/\/assets\/icon\/sleepy.svg\" alt=\"Sleepy\">\n                    <\/a>\n                    <div class=\"twp-reaction-title\">\n                        Sleepy                    <\/div>\n                    <div class=\"twp-count-percent\">\n                                                    <span style=\"display: none;\" class=\"twp-react-count\">0<\/span>\n                        \n                                                <span class=\"twp-react-percent\"><span>0<\/span> %<\/span>\n                                            <\/div>\n                <\/div>\n\n                <div class=\"twp-reacts-wrap\">\n                    <a react-data=\"be-react-4\" post-id=\"4895\" class=\"be-face-icons un-reacted\" href=\"javascript:void(0)\">\n                        <img decoding=\"async\" src=\"https:\/\/afiyafrica.com\/wp-content\/plugins\/booster-extension\/\/assets\/icon\/angry.svg\" alt=\"Angry\">\n                    <\/a>\n                    <div class=\"twp-reaction-title\">Angry<\/div>\n                    <div class=\"twp-count-percent\">\n                                                    <span style=\"display: none;\" class=\"twp-react-count\">0<\/span>\n                                                                        <span class=\"twp-react-percent\"><span>0<\/span> %<\/span>\n                        \n                    <\/div>\n                <\/div>\n\n                <div class=\"twp-reacts-wrap\">\n                    <a react-data=\"be-react-5\" post-id=\"4895\" class=\"be-face-icons un-reacted\" href=\"javascript:void(0)\">\n                        <img decoding=\"async\" src=\"https:\/\/afiyafrica.com\/wp-content\/plugins\/booster-extension\/\/assets\/icon\/surprise.svg\" alt=\"Surprise\">\n                    <\/a>\n                    <div class=\"twp-reaction-title\">Surprise<\/div>\n                    <div class=\"twp-count-percent\">\n                                                    <span style=\"display: none;\" class=\"twp-react-count\">0<\/span>\n                                                                        <span class=\"twp-react-percent\"><span>0<\/span> %<\/span>\n                                            <\/div>\n                <\/div>\n\n            <\/div>\n        <\/div>\n\n    ","protected":false},"excerpt":{"rendered":"<p>Le 1er\u00a0d\u00e9cembre 2023 La Journ\u00e9e mondiale du sida arrive \u00e0 un moment d\u00e9cisif. Les d\u00e9c\u00e8s&#8230;<\/p>\n","protected":false},"author":4,"featured_media":4897,"comment_status":"closed","ping_status":"open","sticky":false,"template":"","format":"standard","meta":{"_monsterinsights_skip_tracking":false,"_monsterinsights_sitenote_active":false,"_monsterinsights_sitenote_note":"","_monsterinsights_sitenote_category":0,"footnotes":""},"categories":[12],"tags":[1188,1071,1214,1013,60,904,120,684],"class_list":["post-4895","post","type-post","status-publish","format-standard","has-post-thumbnail","hentry","category-actualite","tag-actualites","tag-actumed","tag-afiya","tag-afiya-revue-medicale-africaine","tag-afrique-sante","tag-journees-mondiales","tag-oms-afrique","tag-sida"],"yoast_head":"<!-- This site is optimized with the Yoast SEO plugin v23.2 - https:\/\/yoast.com\/wordpress\/plugins\/seo\/ -->\n<title>Message du Secr\u00e9taire g\u00e9n\u00e9ral de l&#039;ONU \u00e0 l\u2019occasion de la Journ\u00e9e mondiale contre le sida 2023 -<\/title>\n<meta name=\"robots\" content=\"index, follow, max-snippet:-1, max-image-preview:large, max-video-preview:-1\" \/>\n<link rel=\"canonical\" href=\"https:\/\/afiyafrica.com\/index.php\/actualite\/message-du-secretaire-general-de-lonu-a-loccasion-de-la-journee-mondiale-contre-le-sida-2023\/\" \/>\n<meta property=\"og:locale\" content=\"fr_FR\" \/>\n<meta property=\"og:type\" content=\"article\" \/>\n<meta property=\"og:title\" content=\"Message du Secr\u00e9taire g\u00e9n\u00e9ral de l&#039;ONU \u00e0 l\u2019occasion de la Journ\u00e9e mondiale contre le sida 2023 -\" \/>\n<meta property=\"og:description\" content=\"Le 1er\u00a0d\u00e9cembre 2023 La Journ\u00e9e mondiale du sida arrive \u00e0 un moment d\u00e9cisif. Les d\u00e9c\u00e8s...\" \/>\n<meta property=\"og:url\" content=\"https:\/\/afiyafrica.com\/index.php\/actualite\/message-du-secretaire-general-de-lonu-a-loccasion-de-la-journee-mondiale-contre-le-sida-2023\/\" \/>\n<meta property=\"article:published_time\" content=\"2023-12-01T11:11:43+00:00\" \/>\n<meta property=\"og:image\" content=\"https:\/\/afiyafrica.com\/wp-content\/uploads\/2023\/12\/WAD23_Postcard-13_fr_960x618px.png\" \/>\n\t<meta property=\"og:image:width\" content=\"632\" \/>\n\t<meta property=\"og:image:height\" content=\"407\" \/>\n\t<meta property=\"og:image:type\" content=\"image\/png\" \/>\n<meta name=\"author\" content=\"Afiya Africa\" \/>\n<meta name=\"twitter:card\" content=\"summary_large_image\" \/>\n<meta name=\"twitter:label1\" content=\"\u00c9crit par\" \/>\n\t<meta name=\"twitter:data1\" content=\"Afiya Africa\" \/>\n\t<meta name=\"twitter:label2\" content=\"Dur\u00e9e de lecture estim\u00e9e\" \/>\n\t<meta name=\"twitter:data2\" content=\"2 minutes\" \/>\n<script type=\"application\/ld+json\" class=\"yoast-schema-graph\">{\"@context\":\"https:\/\/schema.org\",\"@graph\":[{\"@type\":\"WebPage\",\"@id\":\"https:\/\/afiyafrica.com\/index.php\/actualite\/message-du-secretaire-general-de-lonu-a-loccasion-de-la-journee-mondiale-contre-le-sida-2023\/\",\"url\":\"https:\/\/afiyafrica.com\/index.php\/actualite\/message-du-secretaire-general-de-lonu-a-loccasion-de-la-journee-mondiale-contre-le-sida-2023\/\",\"name\":\"Message du Secr\u00e9taire g\u00e9n\u00e9ral de l'ONU \u00e0 l\u2019occasion de la Journ\u00e9e mondiale contre le sida 2023 -\",\"isPartOf\":{\"@id\":\"https:\/\/afiyafrica.com\/#website\"},\"primaryImageOfPage\":{\"@id\":\"https:\/\/afiyafrica.com\/index.php\/actualite\/message-du-secretaire-general-de-lonu-a-loccasion-de-la-journee-mondiale-contre-le-sida-2023\/#primaryimage\"},\"image\":{\"@id\":\"https:\/\/afiyafrica.com\/index.php\/actualite\/message-du-secretaire-general-de-lonu-a-loccasion-de-la-journee-mondiale-contre-le-sida-2023\/#primaryimage\"},\"thumbnailUrl\":\"https:\/\/afiyafrica.com\/wp-content\/uploads\/2023\/12\/WAD23_Postcard-13_fr_960x618px.png\",\"datePublished\":\"2023-12-01T11:11:43+00:00\",\"dateModified\":\"2023-12-01T11:11:43+00:00\",\"author\":{\"@id\":\"https:\/\/afiyafrica.com\/#\/schema\/person\/214bc1623c9d3742df50298a765c4dec\"},\"breadcrumb\":{\"@id\":\"https:\/\/afiyafrica.com\/index.php\/actualite\/message-du-secretaire-general-de-lonu-a-loccasion-de-la-journee-mondiale-contre-le-sida-2023\/#breadcrumb\"},\"inLanguage\":\"fr-FR\",\"potentialAction\":[{\"@type\":\"ReadAction\",\"target\":[\"https:\/\/afiyafrica.com\/index.php\/actualite\/message-du-secretaire-general-de-lonu-a-loccasion-de-la-journee-mondiale-contre-le-sida-2023\/\"]}]},{\"@type\":\"ImageObject\",\"inLanguage\":\"fr-FR\",\"@id\":\"https:\/\/afiyafrica.com\/index.php\/actualite\/message-du-secretaire-general-de-lonu-a-loccasion-de-la-journee-mondiale-contre-le-sida-2023\/#primaryimage\",\"url\":\"https:\/\/afiyafrica.com\/wp-content\/uploads\/2023\/12\/WAD23_Postcard-13_fr_960x618px.png\",\"contentUrl\":\"https:\/\/afiyafrica.com\/wp-content\/uploads\/2023\/12\/WAD23_Postcard-13_fr_960x618px.png\",\"width\":632,\"height\":407},{\"@type\":\"BreadcrumbList\",\"@id\":\"https:\/\/afiyafrica.com\/index.php\/actualite\/message-du-secretaire-general-de-lonu-a-loccasion-de-la-journee-mondiale-contre-le-sida-2023\/#breadcrumb\",\"itemListElement\":[{\"@type\":\"ListItem\",\"position\":1,\"name\":\"Accueil\",\"item\":\"https:\/\/afiyafrica.com\/\"},{\"@type\":\"ListItem\",\"position\":2,\"name\":\"Message du Secr\u00e9taire g\u00e9n\u00e9ral de l&rsquo;ONU \u00e0 l\u2019occasion de la Journ\u00e9e mondiale contre le sida 2023\"}]},{\"@type\":\"WebSite\",\"@id\":\"https:\/\/afiyafrica.com\/#website\",\"url\":\"https:\/\/afiyafrica.com\/\",\"name\":\"\",\"description\":\"\",\"potentialAction\":[{\"@type\":\"SearchAction\",\"target\":{\"@type\":\"EntryPoint\",\"urlTemplate\":\"https:\/\/afiyafrica.com\/?s={search_term_string}\"},\"query-input\":\"required name=search_term_string\"}],\"inLanguage\":\"fr-FR\"},{\"@type\":\"Person\",\"@id\":\"https:\/\/afiyafrica.com\/#\/schema\/person\/214bc1623c9d3742df50298a765c4dec\",\"name\":\"Afiya Africa\",\"image\":{\"@type\":\"ImageObject\",\"inLanguage\":\"fr-FR\",\"@id\":\"https:\/\/afiyafrica.com\/#\/schema\/person\/image\/\",\"url\":\"https:\/\/secure.gravatar.com\/avatar\/d3b666b3619239f23c99ceed618c91e123b81900258fb5aed47318848e25bfeb?s=96&d=mm&r=g\",\"contentUrl\":\"https:\/\/secure.gravatar.com\/avatar\/d3b666b3619239f23c99ceed618c91e123b81900258fb5aed47318848e25bfeb?s=96&d=mm&r=g\",\"caption\":\"Afiya Africa\"},\"url\":\"https:\/\/afiyafrica.com\/index.php\/author\/afiyafrica\/\"}]}<\/script>\n<!-- \/ Yoast SEO plugin. -->","yoast_head_json":{"title":"Message du Secr\u00e9taire g\u00e9n\u00e9ral de l'ONU \u00e0 l\u2019occasion de la Journ\u00e9e mondiale contre le sida 2023 -","robots":{"index":"index","follow":"follow","max-snippet":"max-snippet:-1","max-image-preview":"max-image-preview:large","max-video-preview":"max-video-preview:-1"},"canonical":"https:\/\/afiyafrica.com\/index.php\/actualite\/message-du-secretaire-general-de-lonu-a-loccasion-de-la-journee-mondiale-contre-le-sida-2023\/","og_locale":"fr_FR","og_type":"article","og_title":"Message du Secr\u00e9taire g\u00e9n\u00e9ral de l'ONU \u00e0 l\u2019occasion de la Journ\u00e9e mondiale contre le sida 2023 -","og_description":"Le 1er\u00a0d\u00e9cembre 2023 La Journ\u00e9e mondiale du sida arrive \u00e0 un moment d\u00e9cisif. Les d\u00e9c\u00e8s...","og_url":"https:\/\/afiyafrica.com\/index.php\/actualite\/message-du-secretaire-general-de-lonu-a-loccasion-de-la-journee-mondiale-contre-le-sida-2023\/","article_published_time":"2023-12-01T11:11:43+00:00","og_image":[{"width":632,"height":407,"url":"https:\/\/afiyafrica.com\/wp-content\/uploads\/2023\/12\/WAD23_Postcard-13_fr_960x618px.png","type":"image\/png"}],"author":"Afiya Africa","twitter_card":"summary_large_image","twitter_misc":{"\u00c9crit par":"Afiya Africa","Dur\u00e9e de lecture estim\u00e9e":"2 minutes"},"schema":{"@context":"https:\/\/schema.org","@graph":[{"@type":"WebPage","@id":"https:\/\/afiyafrica.com\/index.php\/actualite\/message-du-secretaire-general-de-lonu-a-loccasion-de-la-journee-mondiale-contre-le-sida-2023\/","url":"https:\/\/afiyafrica.com\/index.php\/actualite\/message-du-secretaire-general-de-lonu-a-loccasion-de-la-journee-mondiale-contre-le-sida-2023\/","name":"Message du Secr\u00e9taire g\u00e9n\u00e9ral de l'ONU \u00e0 l\u2019occasion de la Journ\u00e9e mondiale contre le sida 2023 -","isPartOf":{"@id":"https:\/\/afiyafrica.com\/#website"},"primaryImageOfPage":{"@id":"https:\/\/afiyafrica.com\/index.php\/actualite\/message-du-secretaire-general-de-lonu-a-loccasion-de-la-journee-mondiale-contre-le-sida-2023\/#primaryimage"},"image":{"@id":"https:\/\/afiyafrica.com\/index.php\/actualite\/message-du-secretaire-general-de-lonu-a-loccasion-de-la-journee-mondiale-contre-le-sida-2023\/#primaryimage"},"thumbnailUrl":"https:\/\/afiyafrica.com\/wp-content\/uploads\/2023\/12\/WAD23_Postcard-13_fr_960x618px.png","datePublished":"2023-12-01T11:11:43+00:00","dateModified":"2023-12-01T11:11:43+00:00","author":{"@id":"https:\/\/afiyafrica.com\/#\/schema\/person\/214bc1623c9d3742df50298a765c4dec"},"breadcrumb":{"@id":"https:\/\/afiyafrica.com\/index.php\/actualite\/message-du-secretaire-general-de-lonu-a-loccasion-de-la-journee-mondiale-contre-le-sida-2023\/#breadcrumb"},"inLanguage":"fr-FR","potentialAction":[{"@type":"ReadAction","target":["https:\/\/afiyafrica.com\/index.php\/actualite\/message-du-secretaire-general-de-lonu-a-loccasion-de-la-journee-mondiale-contre-le-sida-2023\/"]}]},{"@type":"ImageObject","inLanguage":"fr-FR","@id":"https:\/\/afiyafrica.com\/index.php\/actualite\/message-du-secretaire-general-de-lonu-a-loccasion-de-la-journee-mondiale-contre-le-sida-2023\/#primaryimage","url":"https:\/\/afiyafrica.com\/wp-content\/uploads\/2023\/12\/WAD23_Postcard-13_fr_960x618px.png","contentUrl":"https:\/\/afiyafrica.com\/wp-content\/uploads\/2023\/12\/WAD23_Postcard-13_fr_960x618px.png","width":632,"height":407},{"@type":"BreadcrumbList","@id":"https:\/\/afiyafrica.com\/index.php\/actualite\/message-du-secretaire-general-de-lonu-a-loccasion-de-la-journee-mondiale-contre-le-sida-2023\/#breadcrumb","itemListElement":[{"@type":"ListItem","position":1,"name":"Accueil","item":"https:\/\/afiyafrica.com\/"},{"@type":"ListItem","position":2,"name":"Message du Secr\u00e9taire g\u00e9n\u00e9ral de l&rsquo;ONU \u00e0 l\u2019occasion de la Journ\u00e9e mondiale contre le sida 2023"}]},{"@type":"WebSite","@id":"https:\/\/afiyafrica.com\/#website","url":"https:\/\/afiyafrica.com\/","name":"","description":"","potentialAction":[{"@type":"SearchAction","target":{"@type":"EntryPoint","urlTemplate":"https:\/\/afiyafrica.com\/?s={search_term_string}"},"query-input":"required name=search_term_string"}],"inLanguage":"fr-FR"},{"@type":"Person","@id":"https:\/\/afiyafrica.com\/#\/schema\/person\/214bc1623c9d3742df50298a765c4dec","name":"Afiya Africa","image":{"@type":"ImageObject","inLanguage":"fr-FR","@id":"https:\/\/afiyafrica.com\/#\/schema\/person\/image\/","url":"https:\/\/secure.gravatar.com\/avatar\/d3b666b3619239f23c99ceed618c91e123b81900258fb5aed47318848e25bfeb?s=96&d=mm&r=g","contentUrl":"https:\/\/secure.gravatar.com\/avatar\/d3b666b3619239f23c99ceed618c91e123b81900258fb5aed47318848e25bfeb?s=96&d=mm&r=g","caption":"Afiya Africa"},"url":"https:\/\/afiyafrica.com\/index.php\/author\/afiyafrica\/"}]}},"featured_image_urls":{"full":["https:\/\/afiyafrica.com\/wp-content\/uploads\/2023\/12\/WAD23_Postcard-13_fr_960x618px.png",632,407,false],"thumbnail":["https:\/\/afiyafrica.com\/wp-content\/uploads\/2023\/12\/WAD23_Postcard-13_fr_960x618px-150x150.png",150,150,true],"medium":["https:\/\/afiyafrica.com\/wp-content\/uploads\/2023\/12\/WAD23_Postcard-13_fr_960x618px-300x193.png",300,193,true],"medium_large":["https:\/\/afiyafrica.com\/wp-content\/uploads\/2023\/12\/WAD23_Postcard-13_fr_960x618px.png",632,407,false],"large":["https:\/\/afiyafrica.com\/wp-content\/uploads\/2023\/12\/WAD23_Postcard-13_fr_960x618px.png",632,407,false],"rpg_image_slider":["https:\/\/afiyafrica.com\/wp-content\/uploads\/2023\/12\/WAD23_Postcard-13_fr_960x618px.png",632,407,false],"rpg_image_thumbnail":["https:\/\/afiyafrica.com\/wp-content\/uploads\/2023\/12\/WAD23_Postcard-13_fr_960x618px.png",632,407,false],"1536x1536":["https:\/\/afiyafrica.com\/wp-content\/uploads\/2023\/12\/WAD23_Postcard-13_fr_960x618px.png",632,407,false],"2048x2048":["https:\/\/afiyafrica.com\/wp-content\/uploads\/2023\/12\/WAD23_Postcard-13_fr_960x618px.png",632,407,false],"enternews-slider-full":["https:\/\/afiyafrica.com\/wp-content\/uploads\/2023\/12\/WAD23_Postcard-13_fr_960x618px.png",632,407,false],"enternews-featured":["https:\/\/afiyafrica.com\/wp-content\/uploads\/2023\/12\/WAD23_Postcard-13_fr_960x618px.png",632,407,false],"enternews-medium":["https:\/\/afiyafrica.com\/wp-content\/uploads\/2023\/12\/WAD23_Postcard-13_fr_960x618px.png",632,407,false]},"author_info":{"display_name":"Afiya Africa","author_link":"https:\/\/afiyafrica.com\/index.php\/author\/afiyafrica\/"},"category_info":"<a href=\"https:\/\/afiyafrica.com\/index.php\/category\/actualite\/\" rel=\"category tag\">Actualit\u00e9<\/a>","tag_info":"Actualit\u00e9","comment_count":"0","_links":{"self":[{"href":"https:\/\/afiyafrica.com\/index.php\/wp-json\/wp\/v2\/posts\/4895","targetHints":{"allow":["GET"]}}],"collection":[{"href":"https:\/\/afiyafrica.com\/index.php\/wp-json\/wp\/v2\/posts"}],"about":[{"href":"https:\/\/afiyafrica.com\/index.php\/wp-json\/wp\/v2\/types\/post"}],"author":[{"embeddable":true,"href":"https:\/\/afiyafrica.com\/index.php\/wp-json\/wp\/v2\/users\/4"}],"replies":[{"embeddable":true,"href":"https:\/\/afiyafrica.com\/index.php\/wp-json\/wp\/v2\/comments?post=4895"}],"version-history":[{"count":1,"href":"https:\/\/afiyafrica.com\/index.php\/wp-json\/wp\/v2\/posts\/4895\/revisions"}],"predecessor-version":[{"id":4898,"href":"https:\/\/afiyafrica.com\/index.php\/wp-json\/wp\/v2\/posts\/4895\/revisions\/4898"}],"wp:featuredmedia":[{"embeddable":true,"href":"https:\/\/afiyafrica.com\/index.php\/wp-json\/wp\/v2\/media\/4897"}],"wp:attachment":[{"href":"https:\/\/afiyafrica.com\/index.php\/wp-json\/wp\/v2\/media?parent=4895"}],"wp:term":[{"taxonomy":"category","embeddable":true,"href":"https:\/\/afiyafrica.com\/index.php\/wp-json\/wp\/v2\/categories?post=4895"},{"taxonomy":"post_tag","embeddable":true,"href":"https:\/\/afiyafrica.com\/index.php\/wp-json\/wp\/v2\/tags?post=4895"}],"curies":[{"name":"wp","href":"https:\/\/api.w.org\/{rel}","templated":true}]}}