{"id":4849,"date":"2023-11-19T10:44:49","date_gmt":"2023-11-19T10:44:49","guid":{"rendered":"https:\/\/afiyafrica.com\/?p=4849"},"modified":"2023-11-19T10:44:54","modified_gmt":"2023-11-19T10:44:54","slug":"semaine-mondiale-dinformation-sur-la-ram18-24-novembre-2023","status":"publish","type":"post","link":"https:\/\/afiyafrica.com\/index.php\/actualite\/semaine-mondiale-dinformation-sur-la-ram18-24-novembre-2023\/","title":{"rendered":"Semaine mondiale d\u2019information sur la RAM<br>18-24 novembre 2023"},"content":{"rendered":"<div class='booster-block booster-read-block'>\n                <div class=\"twp-read-time\">\n                \t<i class=\"booster-icon twp-clock\"><\/i> <span>Read Time:<\/span>1 Minute, 16 Second                <\/div>\n\n            <\/div>\n<p>La r\u00e9sistance aux antimicrobiens (RAM) survient lorsque les bact\u00e9ries, les virus, les champignons et les parasites ne r\u00e9pondent plus aux agents antimicrobiens. En raison de la r\u00e9sistance aux m\u00e9dicaments, les antibiotiques et autres agents antimicrobiens deviennent inefficaces et les infections deviennent difficiles ou impossibles \u00e0 traiter, ce qui augmente le risque de propagation, de forme grave de la maladie et de d\u00e9c\u00e8s.<\/p>\n\n\n\n<p>La&nbsp;<a href=\"https:\/\/www.who.int\/fr\/news\/item\/04-06-2023-world-antimicrobial-awareness-week-(waaw)-will-now-be-world-amr-awareness-week\" target=\"_blank\" rel=\"noreferrer noopener\">Semaine mondiale d\u2019information sur la RAM<\/a>&nbsp;est une campagne mondiale visant \u00e0 mieux faire conna\u00eetre et \u00e0 comprendre le probl\u00e8me de la r\u00e9sistance aux antimicrobiens et \u00e0 promouvoir les meilleures pratiques parmi les parties prenantes de l\u2019approche \u00ab Une seule sant\u00e9 \u00bb dans le but de r\u00e9duire l\u2019\u00e9mergence et la propagation d\u2019infections pharmacor\u00e9sitantes. La Semaine mondiale d\u2019information sur la RAM a lieu chaque ann\u00e9e du 18 au 24 novembre.<\/p>\n\n\n\n<p>Le th\u00e8me de la Semaine mondiale d\u2019information sur la RAM 2023 restera le m\u00eame qu\u2019en 2022, \u00e0 savoir :<strong>&nbsp;\u00ab Ensemble, pr\u00e9venons la r\u00e9sistance aux antimicrobiens \u00bb<\/strong>. La r\u00e9sistance aux antimicrobiens est une menace pour les humains, les animaux, les plantes et l\u2019environnement. Ce probl\u00e8me nous concerne tous.<\/p>\n\n\n\n<p>C\u2019est pourquoi le th\u00e8me de cette ann\u00e9e appelle \u00e0 une collaboration intersectorielle pour pr\u00e9server l\u2019efficacit\u00e9 des antimicrobiens. Pour r\u00e9duire efficacement la RAM, tous les secteurs doivent utiliser les antimicrobiens avec prudence et de mani\u00e8re appropri\u00e9e, prendre des mesures pr\u00e9ventives pour r\u00e9duire l\u2019incidence des infections et appliquer les bonnes pratiques en mati\u00e8re d\u2019\u00e9limination des d\u00e9chets contamin\u00e9s par les antimicrobiens.<\/p>\n\n\n\n<p>Organisation Mondiale de la Sant\u00e9 <\/p>\n        <div class=\"booster-block booster-reactions-block\">\n            <div class=\"twp-reactions-icons\">\n                \n                <div class=\"twp-reacts-wrap\">\n                    <a react-data=\"be-react-1\" post-id=\"4849\" class=\"be-face-icons un-reacted\" href=\"javascript:void(0)\">\n                        <img decoding=\"async\" src=\"https:\/\/afiyafrica.com\/wp-content\/plugins\/booster-extension\/\/assets\/icon\/happy.svg\" alt=\"Happy\">\n                    <\/a>\n                    <div class=\"twp-reaction-title\">\n                        Happy                    <\/div>\n                    <div class=\"twp-count-percent\">\n                                                    <span style=\"display: none;\" class=\"twp-react-count\">0<\/span>\n                        \n                                                <span class=\"twp-react-percent\"><span>0<\/span> %<\/span>\n                                            <\/div>\n                <\/div>\n\n                <div class=\"twp-reacts-wrap\">\n                    <a react-data=\"be-react-2\" post-id=\"4849\" class=\"be-face-icons un-reacted\" href=\"javascript:void(0)\">\n                        <img decoding=\"async\" src=\"https:\/\/afiyafrica.com\/wp-content\/plugins\/booster-extension\/\/assets\/icon\/sad.svg\" alt=\"Sad\">\n                    <\/a>\n                    <div class=\"twp-reaction-title\">\n                        Sad                    <\/div>\n                    <div class=\"twp-count-percent\">\n                                                    <span style=\"display: none;\" class=\"twp-react-count\">0<\/span>\n                                                                        <span class=\"twp-react-percent\"><span>0<\/span> %<\/span>\n                                            <\/div>\n                <\/div>\n\n                <div class=\"twp-reacts-wrap\">\n                    <a react-data=\"be-react-3\" post-id=\"4849\" class=\"be-face-icons un-reacted\" href=\"javascript:void(0)\">\n                        <img decoding=\"async\" src=\"https:\/\/afiyafrica.com\/wp-content\/plugins\/booster-extension\/\/assets\/icon\/excited.svg\" alt=\"Excited\">\n                    <\/a>\n                    <div class=\"twp-reaction-title\">\n                        Excited                    <\/div>\n                    <div class=\"twp-count-percent\">\n                                                    <span style=\"display: none;\" class=\"twp-react-count\">0<\/span>\n                                                                        <span class=\"twp-react-percent\"><span>0<\/span> %<\/span>\n                                            <\/div>\n                <\/div>\n\n                <div class=\"twp-reacts-wrap\">\n                    <a react-data=\"be-react-6\" post-id=\"4849\" class=\"be-face-icons un-reacted\" href=\"javascript:void(0)\">\n                        <img decoding=\"async\" src=\"https:\/\/afiyafrica.com\/wp-content\/plugins\/booster-extension\/\/assets\/icon\/sleepy.svg\" alt=\"Sleepy\">\n                    <\/a>\n                    <div class=\"twp-reaction-title\">\n                        Sleepy                    <\/div>\n                    <div class=\"twp-count-percent\">\n                                                    <span style=\"display: none;\" class=\"twp-react-count\">0<\/span>\n                        \n                                                <span class=\"twp-react-percent\"><span>0<\/span> %<\/span>\n                                            <\/div>\n                <\/div>\n\n                <div class=\"twp-reacts-wrap\">\n                    <a react-data=\"be-react-4\" post-id=\"4849\" class=\"be-face-icons un-reacted\" href=\"javascript:void(0)\">\n                        <img decoding=\"async\" src=\"https:\/\/afiyafrica.com\/wp-content\/plugins\/booster-extension\/\/assets\/icon\/angry.svg\" alt=\"Angry\">\n                    <\/a>\n                    <div class=\"twp-reaction-title\">Angry<\/div>\n                    <div class=\"twp-count-percent\">\n                                                    <span style=\"display: none;\" class=\"twp-react-count\">0<\/span>\n                                                                        <span class=\"twp-react-percent\"><span>0<\/span> %<\/span>\n                        \n                    <\/div>\n                <\/div>\n\n                <div class=\"twp-reacts-wrap\">\n                    <a react-data=\"be-react-5\" post-id=\"4849\" class=\"be-face-icons un-reacted\" href=\"javascript:void(0)\">\n                        <img decoding=\"async\" src=\"https:\/\/afiyafrica.com\/wp-content\/plugins\/booster-extension\/\/assets\/icon\/surprise.svg\" alt=\"Surprise\">\n                    <\/a>\n                    <div class=\"twp-reaction-title\">Surprise<\/div>\n                    <div class=\"twp-count-percent\">\n                                                    <span style=\"display: none;\" class=\"twp-react-count\">0<\/span>\n                                                                        <span class=\"twp-react-percent\"><span>0<\/span> %<\/span>\n                                            <\/div>\n                <\/div>\n\n            <\/div>\n        <\/div>\n\n    ","protected":false},"excerpt":{"rendered":"<p>La r\u00e9sistance aux antimicrobiens (RAM) survient lorsque les bact\u00e9ries, les virus, les champignons et les&#8230;<\/p>\n","protected":false},"author":4,"featured_media":4848,"comment_status":"closed","ping_status":"open","sticky":false,"template":"","format":"standard","meta":{"_monsterinsights_skip_tracking":false,"_monsterinsights_sitenote_active":false,"_monsterinsights_sitenote_note":"","_monsterinsights_sitenote_category":0,"footnotes":""},"categories":[12],"tags":[1188,1071,1013,31,60,1242,32,120,1240],"class_list":["post-4849","post","type-post","status-publish","format-standard","has-post-thumbnail","hentry","category-actualite","tag-actualites","tag-actumed","tag-afiya-revue-medicale-africaine","tag-afrique","tag-afrique-sante","tag-antimicrobien","tag-oms","tag-oms-afrique","tag-ram"],"yoast_head":"<!-- This site is optimized with the Yoast SEO plugin v23.2 - https:\/\/yoast.com\/wordpress\/plugins\/seo\/ -->\n<title>Semaine mondiale d\u2019information sur la RAM18-24 novembre 2023 -<\/title>\n<meta name=\"robots\" content=\"index, follow, max-snippet:-1, max-image-preview:large, max-video-preview:-1\" \/>\n<link rel=\"canonical\" href=\"https:\/\/afiyafrica.com\/index.php\/actualite\/semaine-mondiale-dinformation-sur-la-ram18-24-novembre-2023\/\" \/>\n<meta property=\"og:locale\" content=\"fr_FR\" \/>\n<meta property=\"og:type\" content=\"article\" \/>\n<meta property=\"og:title\" content=\"Semaine mondiale d\u2019information sur la RAM18-24 novembre 2023 -\" \/>\n<meta property=\"og:description\" content=\"La r\u00e9sistance aux antimicrobiens (RAM) survient lorsque les bact\u00e9ries, les virus, les champignons et les...\" \/>\n<meta property=\"og:url\" content=\"https:\/\/afiyafrica.com\/index.php\/actualite\/semaine-mondiale-dinformation-sur-la-ram18-24-novembre-2023\/\" \/>\n<meta property=\"article:published_time\" content=\"2023-11-19T10:44:49+00:00\" \/>\n<meta property=\"article:modified_time\" content=\"2023-11-19T10:44:54+00:00\" \/>\n<meta property=\"og:image\" content=\"https:\/\/afiyafrica.com\/wp-content\/uploads\/2023\/11\/pexels-ketut-subiyanto-4308205-scaled.jpg\" \/>\n\t<meta property=\"og:image:width\" content=\"2560\" \/>\n\t<meta property=\"og:image:height\" content=\"1706\" \/>\n\t<meta property=\"og:image:type\" content=\"image\/jpeg\" \/>\n<meta name=\"author\" content=\"Afiya Africa\" \/>\n<meta name=\"twitter:card\" content=\"summary_large_image\" \/>\n<meta name=\"twitter:label1\" content=\"\u00c9crit par\" \/>\n\t<meta name=\"twitter:data1\" content=\"Afiya Africa\" \/>\n\t<meta name=\"twitter:label2\" content=\"Dur\u00e9e de lecture estim\u00e9e\" \/>\n\t<meta name=\"twitter:data2\" content=\"1 minute\" \/>\n<script type=\"application\/ld+json\" class=\"yoast-schema-graph\">{\"@context\":\"https:\/\/schema.org\",\"@graph\":[{\"@type\":\"WebPage\",\"@id\":\"https:\/\/afiyafrica.com\/index.php\/actualite\/semaine-mondiale-dinformation-sur-la-ram18-24-novembre-2023\/\",\"url\":\"https:\/\/afiyafrica.com\/index.php\/actualite\/semaine-mondiale-dinformation-sur-la-ram18-24-novembre-2023\/\",\"name\":\"Semaine mondiale d\u2019information sur la RAM 18-24 novembre 2023 -\",\"isPartOf\":{\"@id\":\"https:\/\/afiyafrica.com\/#website\"},\"primaryImageOfPage\":{\"@id\":\"https:\/\/afiyafrica.com\/index.php\/actualite\/semaine-mondiale-dinformation-sur-la-ram18-24-novembre-2023\/#primaryimage\"},\"image\":{\"@id\":\"https:\/\/afiyafrica.com\/index.php\/actualite\/semaine-mondiale-dinformation-sur-la-ram18-24-novembre-2023\/#primaryimage\"},\"thumbnailUrl\":\"https:\/\/afiyafrica.com\/wp-content\/uploads\/2023\/11\/pexels-ketut-subiyanto-4308205-scaled.jpg\",\"datePublished\":\"2023-11-19T10:44:49+00:00\",\"dateModified\":\"2023-11-19T10:44:54+00:00\",\"author\":{\"@id\":\"https:\/\/afiyafrica.com\/#\/schema\/person\/214bc1623c9d3742df50298a765c4dec\"},\"breadcrumb\":{\"@id\":\"https:\/\/afiyafrica.com\/index.php\/actualite\/semaine-mondiale-dinformation-sur-la-ram18-24-novembre-2023\/#breadcrumb\"},\"inLanguage\":\"fr-FR\",\"potentialAction\":[{\"@type\":\"ReadAction\",\"target\":[\"https:\/\/afiyafrica.com\/index.php\/actualite\/semaine-mondiale-dinformation-sur-la-ram18-24-novembre-2023\/\"]}]},{\"@type\":\"ImageObject\",\"inLanguage\":\"fr-FR\",\"@id\":\"https:\/\/afiyafrica.com\/index.php\/actualite\/semaine-mondiale-dinformation-sur-la-ram18-24-novembre-2023\/#primaryimage\",\"url\":\"https:\/\/afiyafrica.com\/wp-content\/uploads\/2023\/11\/pexels-ketut-subiyanto-4308205-scaled.jpg\",\"contentUrl\":\"https:\/\/afiyafrica.com\/wp-content\/uploads\/2023\/11\/pexels-ketut-subiyanto-4308205-scaled.jpg\",\"width\":2560,\"height\":1706},{\"@type\":\"BreadcrumbList\",\"@id\":\"https:\/\/afiyafrica.com\/index.php\/actualite\/semaine-mondiale-dinformation-sur-la-ram18-24-novembre-2023\/#breadcrumb\",\"itemListElement\":[{\"@type\":\"ListItem\",\"position\":1,\"name\":\"Accueil\",\"item\":\"https:\/\/afiyafrica.com\/\"},{\"@type\":\"ListItem\",\"position\":2,\"name\":\"Semaine mondiale d\u2019information sur la RAM18-24 novembre 2023\"}]},{\"@type\":\"WebSite\",\"@id\":\"https:\/\/afiyafrica.com\/#website\",\"url\":\"https:\/\/afiyafrica.com\/\",\"name\":\"\",\"description\":\"\",\"potentialAction\":[{\"@type\":\"SearchAction\",\"target\":{\"@type\":\"EntryPoint\",\"urlTemplate\":\"https:\/\/afiyafrica.com\/?s={search_term_string}\"},\"query-input\":\"required name=search_term_string\"}],\"inLanguage\":\"fr-FR\"},{\"@type\":\"Person\",\"@id\":\"https:\/\/afiyafrica.com\/#\/schema\/person\/214bc1623c9d3742df50298a765c4dec\",\"name\":\"Afiya Africa\",\"image\":{\"@type\":\"ImageObject\",\"inLanguage\":\"fr-FR\",\"@id\":\"https:\/\/afiyafrica.com\/#\/schema\/person\/image\/\",\"url\":\"https:\/\/secure.gravatar.com\/avatar\/d3b666b3619239f23c99ceed618c91e123b81900258fb5aed47318848e25bfeb?s=96&d=mm&r=g\",\"contentUrl\":\"https:\/\/secure.gravatar.com\/avatar\/d3b666b3619239f23c99ceed618c91e123b81900258fb5aed47318848e25bfeb?s=96&d=mm&r=g\",\"caption\":\"Afiya Africa\"},\"url\":\"https:\/\/afiyafrica.com\/index.php\/author\/afiyafrica\/\"}]}<\/script>\n<!-- \/ Yoast SEO plugin. -->","yoast_head_json":{"title":"Semaine mondiale d\u2019information sur la RAM18-24 novembre 2023 -","robots":{"index":"index","follow":"follow","max-snippet":"max-snippet:-1","max-image-preview":"max-image-preview:large","max-video-preview":"max-video-preview:-1"},"canonical":"https:\/\/afiyafrica.com\/index.php\/actualite\/semaine-mondiale-dinformation-sur-la-ram18-24-novembre-2023\/","og_locale":"fr_FR","og_type":"article","og_title":"Semaine mondiale d\u2019information sur la RAM18-24 novembre 2023 -","og_description":"La r\u00e9sistance aux antimicrobiens (RAM) survient lorsque les bact\u00e9ries, les virus, les champignons et les...","og_url":"https:\/\/afiyafrica.com\/index.php\/actualite\/semaine-mondiale-dinformation-sur-la-ram18-24-novembre-2023\/","article_published_time":"2023-11-19T10:44:49+00:00","article_modified_time":"2023-11-19T10:44:54+00:00","og_image":[{"width":2560,"height":1706,"url":"https:\/\/afiyafrica.com\/wp-content\/uploads\/2023\/11\/pexels-ketut-subiyanto-4308205-scaled.jpg","type":"image\/jpeg"}],"author":"Afiya Africa","twitter_card":"summary_large_image","twitter_misc":{"\u00c9crit par":"Afiya Africa","Dur\u00e9e de lecture estim\u00e9e":"1 minute"},"schema":{"@context":"https:\/\/schema.org","@graph":[{"@type":"WebPage","@id":"https:\/\/afiyafrica.com\/index.php\/actualite\/semaine-mondiale-dinformation-sur-la-ram18-24-novembre-2023\/","url":"https:\/\/afiyafrica.com\/index.php\/actualite\/semaine-mondiale-dinformation-sur-la-ram18-24-novembre-2023\/","name":"Semaine mondiale d\u2019information sur la RAM 18-24 novembre 2023 -","isPartOf":{"@id":"https:\/\/afiyafrica.com\/#website"},"primaryImageOfPage":{"@id":"https:\/\/afiyafrica.com\/index.php\/actualite\/semaine-mondiale-dinformation-sur-la-ram18-24-novembre-2023\/#primaryimage"},"image":{"@id":"https:\/\/afiyafrica.com\/index.php\/actualite\/semaine-mondiale-dinformation-sur-la-ram18-24-novembre-2023\/#primaryimage"},"thumbnailUrl":"https:\/\/afiyafrica.com\/wp-content\/uploads\/2023\/11\/pexels-ketut-subiyanto-4308205-scaled.jpg","datePublished":"2023-11-19T10:44:49+00:00","dateModified":"2023-11-19T10:44:54+00:00","author":{"@id":"https:\/\/afiyafrica.com\/#\/schema\/person\/214bc1623c9d3742df50298a765c4dec"},"breadcrumb":{"@id":"https:\/\/afiyafrica.com\/index.php\/actualite\/semaine-mondiale-dinformation-sur-la-ram18-24-novembre-2023\/#breadcrumb"},"inLanguage":"fr-FR","potentialAction":[{"@type":"ReadAction","target":["https:\/\/afiyafrica.com\/index.php\/actualite\/semaine-mondiale-dinformation-sur-la-ram18-24-novembre-2023\/"]}]},{"@type":"ImageObject","inLanguage":"fr-FR","@id":"https:\/\/afiyafrica.com\/index.php\/actualite\/semaine-mondiale-dinformation-sur-la-ram18-24-novembre-2023\/#primaryimage","url":"https:\/\/afiyafrica.com\/wp-content\/uploads\/2023\/11\/pexels-ketut-subiyanto-4308205-scaled.jpg","contentUrl":"https:\/\/afiyafrica.com\/wp-content\/uploads\/2023\/11\/pexels-ketut-subiyanto-4308205-scaled.jpg","width":2560,"height":1706},{"@type":"BreadcrumbList","@id":"https:\/\/afiyafrica.com\/index.php\/actualite\/semaine-mondiale-dinformation-sur-la-ram18-24-novembre-2023\/#breadcrumb","itemListElement":[{"@type":"ListItem","position":1,"name":"Accueil","item":"https:\/\/afiyafrica.com\/"},{"@type":"ListItem","position":2,"name":"Semaine mondiale d\u2019information sur la RAM18-24 novembre 2023"}]},{"@type":"WebSite","@id":"https:\/\/afiyafrica.com\/#website","url":"https:\/\/afiyafrica.com\/","name":"","description":"","potentialAction":[{"@type":"SearchAction","target":{"@type":"EntryPoint","urlTemplate":"https:\/\/afiyafrica.com\/?s={search_term_string}"},"query-input":"required name=search_term_string"}],"inLanguage":"fr-FR"},{"@type":"Person","@id":"https:\/\/afiyafrica.com\/#\/schema\/person\/214bc1623c9d3742df50298a765c4dec","name":"Afiya Africa","image":{"@type":"ImageObject","inLanguage":"fr-FR","@id":"https:\/\/afiyafrica.com\/#\/schema\/person\/image\/","url":"https:\/\/secure.gravatar.com\/avatar\/d3b666b3619239f23c99ceed618c91e123b81900258fb5aed47318848e25bfeb?s=96&d=mm&r=g","contentUrl":"https:\/\/secure.gravatar.com\/avatar\/d3b666b3619239f23c99ceed618c91e123b81900258fb5aed47318848e25bfeb?s=96&d=mm&r=g","caption":"Afiya Africa"},"url":"https:\/\/afiyafrica.com\/index.php\/author\/afiyafrica\/"}]}},"featured_image_urls":{"full":["https:\/\/afiyafrica.com\/wp-content\/uploads\/2023\/11\/pexels-ketut-subiyanto-4308205-scaled.jpg",2560,1706,false],"thumbnail":["https:\/\/afiyafrica.com\/wp-content\/uploads\/2023\/11\/pexels-ketut-subiyanto-4308205-150x150.jpg",150,150,true],"medium":["https:\/\/afiyafrica.com\/wp-content\/uploads\/2023\/11\/pexels-ketut-subiyanto-4308205-300x200.jpg",300,200,true],"medium_large":["https:\/\/afiyafrica.com\/wp-content\/uploads\/2023\/11\/pexels-ketut-subiyanto-4308205-768x512.jpg",640,427,true],"large":["https:\/\/afiyafrica.com\/wp-content\/uploads\/2023\/11\/pexels-ketut-subiyanto-4308205-1024x683.jpg",640,427,true],"rpg_image_slider":["https:\/\/afiyafrica.com\/wp-content\/uploads\/2023\/11\/pexels-ketut-subiyanto-4308205-1920x800.jpg",1920,800,true],"rpg_image_thumbnail":["https:\/\/afiyafrica.com\/wp-content\/uploads\/2023\/11\/pexels-ketut-subiyanto-4308205-900x500.jpg",900,500,true],"1536x1536":["https:\/\/afiyafrica.com\/wp-content\/uploads\/2023\/11\/pexels-ketut-subiyanto-4308205-1536x1024.jpg",1536,1024,true],"2048x2048":["https:\/\/afiyafrica.com\/wp-content\/uploads\/2023\/11\/pexels-ketut-subiyanto-4308205-2048x1365.jpg",2048,1365,true],"enternews-slider-full":["https:\/\/afiyafrica.com\/wp-content\/uploads\/2023\/11\/pexels-ketut-subiyanto-4308205-1280x845.jpg",1280,845,true],"enternews-featured":["https:\/\/afiyafrica.com\/wp-content\/uploads\/2023\/11\/pexels-ketut-subiyanto-4308205-1024x683.jpg",1024,683,true],"enternews-medium":["https:\/\/afiyafrica.com\/wp-content\/uploads\/2023\/11\/pexels-ketut-subiyanto-4308205-720x475.jpg",720,475,true]},"author_info":{"display_name":"Afiya Africa","author_link":"https:\/\/afiyafrica.com\/index.php\/author\/afiyafrica\/"},"category_info":"<a href=\"https:\/\/afiyafrica.com\/index.php\/category\/actualite\/\" rel=\"category tag\">Actualit\u00e9<\/a>","tag_info":"Actualit\u00e9","comment_count":"0","_links":{"self":[{"href":"https:\/\/afiyafrica.com\/index.php\/wp-json\/wp\/v2\/posts\/4849","targetHints":{"allow":["GET"]}}],"collection":[{"href":"https:\/\/afiyafrica.com\/index.php\/wp-json\/wp\/v2\/posts"}],"about":[{"href":"https:\/\/afiyafrica.com\/index.php\/wp-json\/wp\/v2\/types\/post"}],"author":[{"embeddable":true,"href":"https:\/\/afiyafrica.com\/index.php\/wp-json\/wp\/v2\/users\/4"}],"replies":[{"embeddable":true,"href":"https:\/\/afiyafrica.com\/index.php\/wp-json\/wp\/v2\/comments?post=4849"}],"version-history":[{"count":1,"href":"https:\/\/afiyafrica.com\/index.php\/wp-json\/wp\/v2\/posts\/4849\/revisions"}],"predecessor-version":[{"id":4850,"href":"https:\/\/afiyafrica.com\/index.php\/wp-json\/wp\/v2\/posts\/4849\/revisions\/4850"}],"wp:featuredmedia":[{"embeddable":true,"href":"https:\/\/afiyafrica.com\/index.php\/wp-json\/wp\/v2\/media\/4848"}],"wp:attachment":[{"href":"https:\/\/afiyafrica.com\/index.php\/wp-json\/wp\/v2\/media?parent=4849"}],"wp:term":[{"taxonomy":"category","embeddable":true,"href":"https:\/\/afiyafrica.com\/index.php\/wp-json\/wp\/v2\/categories?post=4849"},{"taxonomy":"post_tag","embeddable":true,"href":"https:\/\/afiyafrica.com\/index.php\/wp-json\/wp\/v2\/tags?post=4849"}],"curies":[{"name":"wp","href":"https:\/\/api.w.org\/{rel}","templated":true}]}}