{"id":3339,"date":"2022-09-07T13:59:36","date_gmt":"2022-09-07T13:59:36","guid":{"rendered":"http:\/\/afiyafrica.com\/?p=3339"},"modified":"2022-09-07T13:59:36","modified_gmt":"2022-09-07T13:59:36","slug":"le-port-correct-du-preservatif-masculin-ou-feminin-un-veritable-casse-tete-pour-les-jeunes","status":"publish","type":"post","link":"https:\/\/afiyafrica.com\/index.php\/actualite\/le-port-correct-du-preservatif-masculin-ou-feminin-un-veritable-casse-tete-pour-les-jeunes\/","title":{"rendered":"Le Port correct du pr\u00e9servatif masculin ou f\u00e9minin: un v\u00e9ritable casse-t\u00eate pour les jeunes."},"content":{"rendered":"<div class='booster-block booster-read-block'>\n                <div class=\"twp-read-time\">\n                \t<i class=\"booster-icon twp-clock\"><\/i> <span>Read Time:<\/span>4 Minute, 11 Second                <\/div>\n\n            <\/div><p>Le 4 Septembre a \u00e9t\u00e9 c\u00e9l\u00e9br\u00e9 la journ\u00e9e mondiale de la sant\u00e9 sexuelle.<br \/>\nA cette occasion, nous parlons avec le Docteur DOHOU T. Excellent de PSY GENERATION du port correct du pr\u00e9servatif.<\/p>\n<h3><em><strong>Le Port correct du pr\u00e9servatif masculin ou f\u00e9minin: un v\u00e9ritable casse-t\u00eate pour les jeunes.<\/strong><\/em><\/h3>\n<p>Souvent vous entendez dire, \u201cSortez couvert\u201d, \u201cMets l\u2019imperm\u00e9able\u201d, \u201cMange la banane avec la peau\u00a0\u00bb, Bref. Toutes ces expressions pour vous signifier de toujours utiliser le pr\u00e9servatif (condom) lors d\u2019un rapport sexuel afin d\u2019\u00e9viter non seulement les IST mais aussi les grossesses non d\u00e9sir\u00e9es.<br \/>\nBien souvent on entend les choses du genre: \u201cMais on a utilis\u00e9 le pr\u00e9so, comment se fait-il que tu sois tomb\u00e9e enceinte ?\u201d ou encore \u201cMoi je ne sais pas comment je fais, mais toujours le pr\u00e9servatif s\u2019\u00e9clate lors des rapports\u201d etc.<br \/>\nMais la question est de savoir: \u00ab\u00a0Est-ce que tout le monde sait comment porter correctement le pr\u00e9servatif ?\u00a0\u00bb.<br \/>\nNe vous inqui\u00e9tez pas. Avec PSYGENERATION on parle et on parlera toujours sans tabou. Allez, installez-vous confortablement et lisez.<\/p>\n<h3>\u00a0AU PR\u00c9ALABLE<\/h3>\n<p>\u2014 Toujours v\u00e9rifier la date d\u2019expiration de votre pr\u00e9servatif (condom) avant usage.<br \/>\n\u2014Toujours v\u00e9rifier l\u2019int\u00e9grit\u00e9 de l\u2019emballage de votre condom si ce n\u2019est pas ab\u00eem\u00e9 ou ouvert.<br \/>\nCe n\u2019est qu\u2019apr\u00e8s \u00e7a que vous pouvez penser \u00e0 l\u2019utiliser sans risque. Maintenant passons \u00e0 l\u2019\u00e9tape de l\u2019utilisation proprement dite.<\/p>\n<h3>\u00a0PRESERVATIF MASCULIN<\/h3>\n<p><img loading=\"lazy\" decoding=\"async\" class=\"alignnone  wp-image-3341\" src=\"https:\/\/afiyafrica.com\/wp-content\/uploads\/2022\/09\/WhatsApp-Image-2022-09-04-at-12.49.00-1-300x240.jpeg\" alt=\"\" width=\"387\" height=\"297\" \/><\/p>\n<p>\u2014 Sortir le pr\u00e9servatif en d\u00e9chirant le sachet avec le doigt \u00e0 partir de la partie dentel\u00e9e (c\u00f4t\u00e9 de l\u2019emballage en forme de zig-zig)<br \/>\nNB: Ne jamais se servir des ongles, du couteau des ciseaux ou tous autres objets au risque de percer le condom ou se blesser sans le savoir.<br \/>\n\u2014 V\u00e9rifier le sens de d\u00e9roulement du pr\u00e9servatif une fois le pr\u00e9servatif sorti du sachet.<br \/>\n\u2014 Pincer le bout afin d\u2019expulser l\u2019air car c\u2019est le r\u00e9servoir pr\u00e9vu pour contenir le sperme lorsque vous \u00e9jaculez.<br \/>\n\u2014 D\u00e9rouler le pr\u00e9servatif dans le bon sens sur le p\u00e9nis en \u00e9rection jusqu\u2019au niveau de sa racine tout en maintenant pinc\u00e9 le bout.<br \/>\nLorsque vous aurez fini de prendre plaisir avec votre partenaire, n\u2019attendez pas de perdre totalement l\u2019\u00e9rection avant de retirer le pr\u00e9servatif.<br \/>\n\u2014 Enlever le pr\u00e9servatif \u00e0 l\u2019aide d\u2019un papier hygi\u00e9nique et faire en sorte que le liquide (sperme) reste \u00e0 l\u2019int\u00e9rieur tout en \u00e9vitant tout contact avec le pr\u00e9servatif retir\u00e9 ou le sperme qu\u2019il contient.<br \/>\n\u2014 Nouer et jeter le pr\u00e9servatif dans une poubelle.<\/p>\n<p>&nbsp;<\/p>\n<h3>PRESERVATIF F\u00c9MININ<\/h3>\n<p><img loading=\"lazy\" decoding=\"async\" class=\"alignnone  wp-image-3342\" src=\"https:\/\/afiyafrica.com\/wp-content\/uploads\/2022\/09\/WhatsApp-Image-2022-09-04-at-12.49.01-300x240.jpeg\" alt=\"\" width=\"370\" height=\"308\" \/><\/p>\n<p>Pour ce qui concerne le pr\u00e9servatif f\u00e9minin, il est toujours important de lire les \u00e9tapes du port correct qui sont souvent d\u00e9taill\u00e9es sur l\u2019emballage avant l\u2019utilisation. Mais le plus souvent il faut:<br \/>\n\u2014 Se mettre dans une position confortable: couch\u00e9e, assise ou debout avec un pied pos\u00e9 sur une chaise.<br \/>\n\u2014 Sortir le pr\u00e9servatif en d\u00e9chirant le sachet avec le doigt \u00e0 partir de la partie dentel\u00e9e (c\u00f4t\u00e9 de l\u2019emballage en forme de zig-zig)<br \/>\nNB: Ne jamais se servir des ongles, du couteau, des ciseaux ou tous autres objets au risque de percer ou se blesser sans le savoir.<br \/>\n\u2014 S\u2019assurer que l\u2019anneau interne ou le chiffon se trouve au fond du pr\u00e9servatif et tenir le pr\u00e9servatif par cet anneau en le pressant entre le pouce et l\u2019index.<br \/>\n\u2014 Ins\u00e9rer l\u2019anneau dans le vagin et le pousser aussi loin que possible, sans le rel\u00e2cher<br \/>\n\u2014 Si vous avez bien plac\u00e9 votre pr\u00e9servatif, vous remarquerez que l\u2019anneau externe doit se trouver \u00e0 l\u2019ext\u00e9rieur du vagin. Il recouvre les organes g\u00e9nitaux externes.<br \/>\nVous voyez que le pr\u00e9servatif f\u00e9minin n\u2019est pas si difficile \u00e0 placer comme on nous le fait croire souvent. Il faut juste faire quelques essais la premi\u00e8re fois pour s\u2019habituer.<br \/>\n\u2014 Lorsque vous avez fini le rapport sexuel, tourner l\u2019anneau qui se trouve \u00e0 l\u2019ext\u00e9rieur du vagin plusieurs fois afin de ne pas laisser couler le liquide qu\u2019il contient (le sperme) et le retirer simplement en tirant.<br \/>\n\u2014 Jeter le pr\u00e9servatif dans une poubelle.<\/p>\n<h3>\u00a0AUTRES DISPOSITIONS<\/h3>\n<p>\u2014 Conserver les pr\u00e9servatifs \u00e0 l\u2019abri de la chaleur et dans un endroit sec.<br \/>\n\u2014 Utiliser un nouveau pr\u00e9servatif \u00e0 chaque rapport.<br \/>\n\u2014 Ne jamais porter deux pr\u00e9servatifs l\u2019un sur l\u2019autre.<br \/>\n\u2014 Toujours utiliser un pr\u00e9servatif adapt\u00e9 \u00e0 la taille de votre penis. Mais comment conna\u00eetre votre taille ? Voil\u00e0 pour \u00e7a, il faut juste savoir que le pr\u00e9servatif doit couvrir tout le p\u00e9nis, s\u2019il n\u2019arrive pas au niveau du pubis (la racine), c\u2019est que sa taille n\u2019est pas adapt\u00e9e.<br \/>\n\u2014 Ne pas utiliser \u00e0 la fois un pr\u00e9servatif masculin et un pr\u00e9servatif f\u00e9minin. Il faut choisir d\u2019utiliser l\u2019un ou l\u2019autre. (Ne venez pas me dire que c\u2019est double protection hein\ud83d\ude02\ud83d\ude02)<br \/>\n\u2014 Si besoin de lubrifiant, s\u2019en procurer de qualit\u00e9 et adapt\u00e9, \u00e0 la pharmacie ou dans un centre sp\u00e9cialis\u00e9.<br \/>\n\u2014 N\u2019h\u00e9sitez pas \u00e0 vous entra\u00eener \u00e0 le poser et \u00e0 l\u2019enlever avant la premi\u00e8re utilisation (c\u2019est en forgeant on devient forgeron dit-on).<\/p>\n<p>Dr.DOHOU T. Excellent<br \/>\n(Promoteur PSY-GENERATION )<\/p>\n<p>Afiya Sant\u00e9<\/p>\n        <div class=\"booster-block booster-reactions-block\">\n            <div class=\"twp-reactions-icons\">\n                \n                <div class=\"twp-reacts-wrap\">\n                    <a react-data=\"be-react-1\" post-id=\"3339\" class=\"be-face-icons un-reacted\" href=\"javascript:void(0)\">\n                        <img decoding=\"async\" src=\"https:\/\/afiyafrica.com\/wp-content\/plugins\/booster-extension\/\/assets\/icon\/happy.svg\" alt=\"Happy\">\n                    <\/a>\n                    <div class=\"twp-reaction-title\">\n                        Happy                    <\/div>\n                    <div class=\"twp-count-percent\">\n                                                    <span style=\"display: none;\" class=\"twp-react-count\">0<\/span>\n                        \n                                                <span class=\"twp-react-percent\"><span>0<\/span> %<\/span>\n                                            <\/div>\n                <\/div>\n\n                <div class=\"twp-reacts-wrap\">\n                    <a react-data=\"be-react-2\" post-id=\"3339\" class=\"be-face-icons un-reacted\" href=\"javascript:void(0)\">\n                        <img decoding=\"async\" src=\"https:\/\/afiyafrica.com\/wp-content\/plugins\/booster-extension\/\/assets\/icon\/sad.svg\" alt=\"Sad\">\n                    <\/a>\n                    <div class=\"twp-reaction-title\">\n                        Sad                    <\/div>\n                    <div class=\"twp-count-percent\">\n                                                    <span style=\"display: none;\" class=\"twp-react-count\">0<\/span>\n                                                                        <span class=\"twp-react-percent\"><span>0<\/span> %<\/span>\n                                            <\/div>\n                <\/div>\n\n                <div class=\"twp-reacts-wrap\">\n                    <a react-data=\"be-react-3\" post-id=\"3339\" class=\"be-face-icons un-reacted\" href=\"javascript:void(0)\">\n                        <img decoding=\"async\" src=\"https:\/\/afiyafrica.com\/wp-content\/plugins\/booster-extension\/\/assets\/icon\/excited.svg\" alt=\"Excited\">\n                    <\/a>\n                    <div class=\"twp-reaction-title\">\n                        Excited                    <\/div>\n                    <div class=\"twp-count-percent\">\n                                                    <span style=\"display: none;\" class=\"twp-react-count\">2<\/span>\n                                                                        <span class=\"twp-react-percent\"><span>100<\/span> %<\/span>\n                                            <\/div>\n                <\/div>\n\n                <div class=\"twp-reacts-wrap\">\n                    <a react-data=\"be-react-6\" post-id=\"3339\" class=\"be-face-icons un-reacted\" href=\"javascript:void(0)\">\n                        <img decoding=\"async\" src=\"https:\/\/afiyafrica.com\/wp-content\/plugins\/booster-extension\/\/assets\/icon\/sleepy.svg\" alt=\"Sleepy\">\n                    <\/a>\n                    <div class=\"twp-reaction-title\">\n                        Sleepy                    <\/div>\n                    <div class=\"twp-count-percent\">\n                                                    <span style=\"display: none;\" class=\"twp-react-count\">0<\/span>\n                        \n                                                <span class=\"twp-react-percent\"><span>0<\/span> %<\/span>\n                                            <\/div>\n                <\/div>\n\n                <div class=\"twp-reacts-wrap\">\n                    <a react-data=\"be-react-4\" post-id=\"3339\" class=\"be-face-icons un-reacted\" href=\"javascript:void(0)\">\n                        <img decoding=\"async\" src=\"https:\/\/afiyafrica.com\/wp-content\/plugins\/booster-extension\/\/assets\/icon\/angry.svg\" alt=\"Angry\">\n                    <\/a>\n                    <div class=\"twp-reaction-title\">Angry<\/div>\n                    <div class=\"twp-count-percent\">\n                                                    <span style=\"display: none;\" class=\"twp-react-count\">0<\/span>\n                                                                        <span class=\"twp-react-percent\"><span>0<\/span> %<\/span>\n                        \n                    <\/div>\n                <\/div>\n\n                <div class=\"twp-reacts-wrap\">\n                    <a react-data=\"be-react-5\" post-id=\"3339\" class=\"be-face-icons un-reacted\" href=\"javascript:void(0)\">\n                        <img decoding=\"async\" src=\"https:\/\/afiyafrica.com\/wp-content\/plugins\/booster-extension\/\/assets\/icon\/surprise.svg\" alt=\"Surprise\">\n                    <\/a>\n                    <div class=\"twp-reaction-title\">Surprise<\/div>\n                    <div class=\"twp-count-percent\">\n                                                    <span style=\"display: none;\" class=\"twp-react-count\">0<\/span>\n                                                                        <span class=\"twp-react-percent\"><span>0<\/span> %<\/span>\n                                            <\/div>\n                <\/div>\n\n            <\/div>\n        <\/div>\n\n    ","protected":false},"excerpt":{"rendered":"<p>Le 4 Septembre a \u00e9t\u00e9 c\u00e9l\u00e9br\u00e9 la journ\u00e9e mondiale de la sant\u00e9 sexuelle. A cette&#8230;<\/p>\n","protected":false},"author":1,"featured_media":3340,"comment_status":"open","ping_status":"open","sticky":false,"template":"","format":"standard","meta":{"_monsterinsights_skip_tracking":false,"_monsterinsights_sitenote_active":false,"_monsterinsights_sitenote_note":"","_monsterinsights_sitenote_category":0,"footnotes":""},"categories":[12,23,13],"tags":[825,827],"class_list":["post-3339","post","type-post","status-publish","format-standard","has-post-thumbnail","hentry","category-actualite","category-conseils-med","category-dossier","tag-preservatif","tag-sante-sexuel"],"yoast_head":"<!-- This site is optimized with the Yoast SEO plugin v23.2 - https:\/\/yoast.com\/wordpress\/plugins\/seo\/ -->\n<title>Le Port correct du pr\u00e9servatif masculin ou f\u00e9minin: un v\u00e9ritable casse-t\u00eate pour les jeunes. -<\/title>\n<meta name=\"robots\" content=\"index, follow, max-snippet:-1, max-image-preview:large, max-video-preview:-1\" \/>\n<link rel=\"canonical\" href=\"https:\/\/afiyafrica.com\/index.php\/actualite\/le-port-correct-du-preservatif-masculin-ou-feminin-un-veritable-casse-tete-pour-les-jeunes\/\" \/>\n<meta property=\"og:locale\" content=\"fr_FR\" \/>\n<meta property=\"og:type\" content=\"article\" \/>\n<meta property=\"og:title\" content=\"Le Port correct du pr\u00e9servatif masculin ou f\u00e9minin: un v\u00e9ritable casse-t\u00eate pour les jeunes. -\" \/>\n<meta property=\"og:description\" content=\"Le 4 Septembre a \u00e9t\u00e9 c\u00e9l\u00e9br\u00e9 la journ\u00e9e mondiale de la sant\u00e9 sexuelle. A cette...\" \/>\n<meta property=\"og:url\" content=\"https:\/\/afiyafrica.com\/index.php\/actualite\/le-port-correct-du-preservatif-masculin-ou-feminin-un-veritable-casse-tete-pour-les-jeunes\/\" \/>\n<meta property=\"article:published_time\" content=\"2022-09-07T13:59:36+00:00\" \/>\n<meta property=\"og:image\" content=\"https:\/\/afiyafrica.com\/wp-content\/uploads\/2022\/09\/WhatsApp-Image-2022-09-04-at-12.49.00.jpeg\" \/>\n\t<meta property=\"og:image:width\" content=\"1080\" \/>\n\t<meta property=\"og:image:height\" content=\"864\" \/>\n\t<meta property=\"og:image:type\" content=\"image\/jpeg\" \/>\n<meta name=\"author\" content=\"Afiyafrica\" \/>\n<meta name=\"twitter:card\" content=\"summary_large_image\" \/>\n<meta name=\"twitter:label1\" content=\"\u00c9crit par\" \/>\n\t<meta name=\"twitter:data1\" content=\"Afiyafrica\" \/>\n\t<meta name=\"twitter:label2\" content=\"Dur\u00e9e de lecture estim\u00e9e\" \/>\n\t<meta name=\"twitter:data2\" content=\"4 minutes\" \/>\n<script type=\"application\/ld+json\" class=\"yoast-schema-graph\">{\"@context\":\"https:\/\/schema.org\",\"@graph\":[{\"@type\":\"WebPage\",\"@id\":\"https:\/\/afiyafrica.com\/index.php\/actualite\/le-port-correct-du-preservatif-masculin-ou-feminin-un-veritable-casse-tete-pour-les-jeunes\/\",\"url\":\"https:\/\/afiyafrica.com\/index.php\/actualite\/le-port-correct-du-preservatif-masculin-ou-feminin-un-veritable-casse-tete-pour-les-jeunes\/\",\"name\":\"Le Port correct du pr\u00e9servatif masculin ou f\u00e9minin: un v\u00e9ritable casse-t\u00eate pour les jeunes. -\",\"isPartOf\":{\"@id\":\"https:\/\/afiyafrica.com\/#website\"},\"primaryImageOfPage\":{\"@id\":\"https:\/\/afiyafrica.com\/index.php\/actualite\/le-port-correct-du-preservatif-masculin-ou-feminin-un-veritable-casse-tete-pour-les-jeunes\/#primaryimage\"},\"image\":{\"@id\":\"https:\/\/afiyafrica.com\/index.php\/actualite\/le-port-correct-du-preservatif-masculin-ou-feminin-un-veritable-casse-tete-pour-les-jeunes\/#primaryimage\"},\"thumbnailUrl\":\"https:\/\/afiyafrica.com\/wp-content\/uploads\/2022\/09\/WhatsApp-Image-2022-09-04-at-12.49.00.jpeg\",\"datePublished\":\"2022-09-07T13:59:36+00:00\",\"dateModified\":\"2022-09-07T13:59:36+00:00\",\"author\":{\"@id\":\"https:\/\/afiyafrica.com\/#\/schema\/person\/c5f0b28c02b60581c2b7be7d70585963\"},\"breadcrumb\":{\"@id\":\"https:\/\/afiyafrica.com\/index.php\/actualite\/le-port-correct-du-preservatif-masculin-ou-feminin-un-veritable-casse-tete-pour-les-jeunes\/#breadcrumb\"},\"inLanguage\":\"fr-FR\",\"potentialAction\":[{\"@type\":\"ReadAction\",\"target\":[\"https:\/\/afiyafrica.com\/index.php\/actualite\/le-port-correct-du-preservatif-masculin-ou-feminin-un-veritable-casse-tete-pour-les-jeunes\/\"]}]},{\"@type\":\"ImageObject\",\"inLanguage\":\"fr-FR\",\"@id\":\"https:\/\/afiyafrica.com\/index.php\/actualite\/le-port-correct-du-preservatif-masculin-ou-feminin-un-veritable-casse-tete-pour-les-jeunes\/#primaryimage\",\"url\":\"https:\/\/afiyafrica.com\/wp-content\/uploads\/2022\/09\/WhatsApp-Image-2022-09-04-at-12.49.00.jpeg\",\"contentUrl\":\"https:\/\/afiyafrica.com\/wp-content\/uploads\/2022\/09\/WhatsApp-Image-2022-09-04-at-12.49.00.jpeg\",\"width\":1080,\"height\":864},{\"@type\":\"BreadcrumbList\",\"@id\":\"https:\/\/afiyafrica.com\/index.php\/actualite\/le-port-correct-du-preservatif-masculin-ou-feminin-un-veritable-casse-tete-pour-les-jeunes\/#breadcrumb\",\"itemListElement\":[{\"@type\":\"ListItem\",\"position\":1,\"name\":\"Accueil\",\"item\":\"https:\/\/afiyafrica.com\/\"},{\"@type\":\"ListItem\",\"position\":2,\"name\":\"Le Port correct du pr\u00e9servatif masculin ou f\u00e9minin: un v\u00e9ritable casse-t\u00eate pour les jeunes.\"}]},{\"@type\":\"WebSite\",\"@id\":\"https:\/\/afiyafrica.com\/#website\",\"url\":\"https:\/\/afiyafrica.com\/\",\"name\":\"\",\"description\":\"\",\"potentialAction\":[{\"@type\":\"SearchAction\",\"target\":{\"@type\":\"EntryPoint\",\"urlTemplate\":\"https:\/\/afiyafrica.com\/?s={search_term_string}\"},\"query-input\":\"required name=search_term_string\"}],\"inLanguage\":\"fr-FR\"},{\"@type\":\"Person\",\"@id\":\"https:\/\/afiyafrica.com\/#\/schema\/person\/c5f0b28c02b60581c2b7be7d70585963\",\"name\":\"Afiyafrica\",\"image\":{\"@type\":\"ImageObject\",\"inLanguage\":\"fr-FR\",\"@id\":\"https:\/\/afiyafrica.com\/#\/schema\/person\/image\/\",\"url\":\"https:\/\/secure.gravatar.com\/avatar\/7ba29d2ab89d2021069ac4491d7c1c6a24324aa7fc90826fd0f9535402ef6a62?s=96&d=mm&r=g\",\"contentUrl\":\"https:\/\/secure.gravatar.com\/avatar\/7ba29d2ab89d2021069ac4491d7c1c6a24324aa7fc90826fd0f9535402ef6a62?s=96&d=mm&r=g\",\"caption\":\"Afiyafrica\"},\"sameAs\":[\"https:\/\/afiyafrica.com\"],\"url\":\"https:\/\/afiyafrica.com\/index.php\/author\/admin3846\/\"}]}<\/script>\n<!-- \/ Yoast SEO plugin. -->","yoast_head_json":{"title":"Le Port correct du pr\u00e9servatif masculin ou f\u00e9minin: un v\u00e9ritable casse-t\u00eate pour les jeunes. -","robots":{"index":"index","follow":"follow","max-snippet":"max-snippet:-1","max-image-preview":"max-image-preview:large","max-video-preview":"max-video-preview:-1"},"canonical":"https:\/\/afiyafrica.com\/index.php\/actualite\/le-port-correct-du-preservatif-masculin-ou-feminin-un-veritable-casse-tete-pour-les-jeunes\/","og_locale":"fr_FR","og_type":"article","og_title":"Le Port correct du pr\u00e9servatif masculin ou f\u00e9minin: un v\u00e9ritable casse-t\u00eate pour les jeunes. -","og_description":"Le 4 Septembre a \u00e9t\u00e9 c\u00e9l\u00e9br\u00e9 la journ\u00e9e mondiale de la sant\u00e9 sexuelle. A cette...","og_url":"https:\/\/afiyafrica.com\/index.php\/actualite\/le-port-correct-du-preservatif-masculin-ou-feminin-un-veritable-casse-tete-pour-les-jeunes\/","article_published_time":"2022-09-07T13:59:36+00:00","og_image":[{"width":1080,"height":864,"url":"https:\/\/afiyafrica.com\/wp-content\/uploads\/2022\/09\/WhatsApp-Image-2022-09-04-at-12.49.00.jpeg","type":"image\/jpeg"}],"author":"Afiyafrica","twitter_card":"summary_large_image","twitter_misc":{"\u00c9crit par":"Afiyafrica","Dur\u00e9e de lecture estim\u00e9e":"4 minutes"},"schema":{"@context":"https:\/\/schema.org","@graph":[{"@type":"WebPage","@id":"https:\/\/afiyafrica.com\/index.php\/actualite\/le-port-correct-du-preservatif-masculin-ou-feminin-un-veritable-casse-tete-pour-les-jeunes\/","url":"https:\/\/afiyafrica.com\/index.php\/actualite\/le-port-correct-du-preservatif-masculin-ou-feminin-un-veritable-casse-tete-pour-les-jeunes\/","name":"Le Port correct du pr\u00e9servatif masculin ou f\u00e9minin: un v\u00e9ritable casse-t\u00eate pour les jeunes. -","isPartOf":{"@id":"https:\/\/afiyafrica.com\/#website"},"primaryImageOfPage":{"@id":"https:\/\/afiyafrica.com\/index.php\/actualite\/le-port-correct-du-preservatif-masculin-ou-feminin-un-veritable-casse-tete-pour-les-jeunes\/#primaryimage"},"image":{"@id":"https:\/\/afiyafrica.com\/index.php\/actualite\/le-port-correct-du-preservatif-masculin-ou-feminin-un-veritable-casse-tete-pour-les-jeunes\/#primaryimage"},"thumbnailUrl":"https:\/\/afiyafrica.com\/wp-content\/uploads\/2022\/09\/WhatsApp-Image-2022-09-04-at-12.49.00.jpeg","datePublished":"2022-09-07T13:59:36+00:00","dateModified":"2022-09-07T13:59:36+00:00","author":{"@id":"https:\/\/afiyafrica.com\/#\/schema\/person\/c5f0b28c02b60581c2b7be7d70585963"},"breadcrumb":{"@id":"https:\/\/afiyafrica.com\/index.php\/actualite\/le-port-correct-du-preservatif-masculin-ou-feminin-un-veritable-casse-tete-pour-les-jeunes\/#breadcrumb"},"inLanguage":"fr-FR","potentialAction":[{"@type":"ReadAction","target":["https:\/\/afiyafrica.com\/index.php\/actualite\/le-port-correct-du-preservatif-masculin-ou-feminin-un-veritable-casse-tete-pour-les-jeunes\/"]}]},{"@type":"ImageObject","inLanguage":"fr-FR","@id":"https:\/\/afiyafrica.com\/index.php\/actualite\/le-port-correct-du-preservatif-masculin-ou-feminin-un-veritable-casse-tete-pour-les-jeunes\/#primaryimage","url":"https:\/\/afiyafrica.com\/wp-content\/uploads\/2022\/09\/WhatsApp-Image-2022-09-04-at-12.49.00.jpeg","contentUrl":"https:\/\/afiyafrica.com\/wp-content\/uploads\/2022\/09\/WhatsApp-Image-2022-09-04-at-12.49.00.jpeg","width":1080,"height":864},{"@type":"BreadcrumbList","@id":"https:\/\/afiyafrica.com\/index.php\/actualite\/le-port-correct-du-preservatif-masculin-ou-feminin-un-veritable-casse-tete-pour-les-jeunes\/#breadcrumb","itemListElement":[{"@type":"ListItem","position":1,"name":"Accueil","item":"https:\/\/afiyafrica.com\/"},{"@type":"ListItem","position":2,"name":"Le Port correct du pr\u00e9servatif masculin ou f\u00e9minin: un v\u00e9ritable casse-t\u00eate pour les jeunes."}]},{"@type":"WebSite","@id":"https:\/\/afiyafrica.com\/#website","url":"https:\/\/afiyafrica.com\/","name":"","description":"","potentialAction":[{"@type":"SearchAction","target":{"@type":"EntryPoint","urlTemplate":"https:\/\/afiyafrica.com\/?s={search_term_string}"},"query-input":"required name=search_term_string"}],"inLanguage":"fr-FR"},{"@type":"Person","@id":"https:\/\/afiyafrica.com\/#\/schema\/person\/c5f0b28c02b60581c2b7be7d70585963","name":"Afiyafrica","image":{"@type":"ImageObject","inLanguage":"fr-FR","@id":"https:\/\/afiyafrica.com\/#\/schema\/person\/image\/","url":"https:\/\/secure.gravatar.com\/avatar\/7ba29d2ab89d2021069ac4491d7c1c6a24324aa7fc90826fd0f9535402ef6a62?s=96&d=mm&r=g","contentUrl":"https:\/\/secure.gravatar.com\/avatar\/7ba29d2ab89d2021069ac4491d7c1c6a24324aa7fc90826fd0f9535402ef6a62?s=96&d=mm&r=g","caption":"Afiyafrica"},"sameAs":["https:\/\/afiyafrica.com"],"url":"https:\/\/afiyafrica.com\/index.php\/author\/admin3846\/"}]}},"featured_image_urls":{"full":["https:\/\/afiyafrica.com\/wp-content\/uploads\/2022\/09\/WhatsApp-Image-2022-09-04-at-12.49.00.jpeg",1080,864,false],"thumbnail":["https:\/\/afiyafrica.com\/wp-content\/uploads\/2022\/09\/WhatsApp-Image-2022-09-04-at-12.49.00-150x150.jpeg",150,150,true],"medium":["https:\/\/afiyafrica.com\/wp-content\/uploads\/2022\/09\/WhatsApp-Image-2022-09-04-at-12.49.00-300x240.jpeg",300,240,true],"medium_large":["https:\/\/afiyafrica.com\/wp-content\/uploads\/2022\/09\/WhatsApp-Image-2022-09-04-at-12.49.00-768x614.jpeg",640,512,true],"large":["https:\/\/afiyafrica.com\/wp-content\/uploads\/2022\/09\/WhatsApp-Image-2022-09-04-at-12.49.00-1024x819.jpeg",640,512,true],"rpg_image_slider":["https:\/\/afiyafrica.com\/wp-content\/uploads\/2022\/09\/WhatsApp-Image-2022-09-04-at-12.49.00-1080x800.jpeg",1080,800,true],"rpg_image_thumbnail":["https:\/\/afiyafrica.com\/wp-content\/uploads\/2022\/09\/WhatsApp-Image-2022-09-04-at-12.49.00-900x500.jpeg",900,500,true],"1536x1536":["https:\/\/afiyafrica.com\/wp-content\/uploads\/2022\/09\/WhatsApp-Image-2022-09-04-at-12.49.00.jpeg",1080,864,false],"2048x2048":["https:\/\/afiyafrica.com\/wp-content\/uploads\/2022\/09\/WhatsApp-Image-2022-09-04-at-12.49.00.jpeg",1080,864,false],"enternews-slider-full":["https:\/\/afiyafrica.com\/wp-content\/uploads\/2022\/09\/WhatsApp-Image-2022-09-04-at-12.49.00.jpeg",1056,845,false],"enternews-featured":["https:\/\/afiyafrica.com\/wp-content\/uploads\/2022\/09\/WhatsApp-Image-2022-09-04-at-12.49.00.jpeg",1024,819,false],"enternews-medium":["https:\/\/afiyafrica.com\/wp-content\/uploads\/2022\/09\/WhatsApp-Image-2022-09-04-at-12.49.00.jpeg",594,475,false]},"author_info":{"display_name":"Afiyafrica","author_link":"https:\/\/afiyafrica.com\/index.php\/author\/admin3846\/"},"category_info":"<a href=\"https:\/\/afiyafrica.com\/index.php\/category\/actualite\/\" rel=\"category tag\">Actualit\u00e9<\/a> <a href=\"https:\/\/afiyafrica.com\/index.php\/category\/conseils-med\/\" rel=\"category tag\">Conseils Med<\/a> <a href=\"https:\/\/afiyafrica.com\/index.php\/category\/dossier\/\" rel=\"category tag\">Dossier<\/a>","tag_info":"Dossier","comment_count":"0","_links":{"self":[{"href":"https:\/\/afiyafrica.com\/index.php\/wp-json\/wp\/v2\/posts\/3339","targetHints":{"allow":["GET"]}}],"collection":[{"href":"https:\/\/afiyafrica.com\/index.php\/wp-json\/wp\/v2\/posts"}],"about":[{"href":"https:\/\/afiyafrica.com\/index.php\/wp-json\/wp\/v2\/types\/post"}],"author":[{"embeddable":true,"href":"https:\/\/afiyafrica.com\/index.php\/wp-json\/wp\/v2\/users\/1"}],"replies":[{"embeddable":true,"href":"https:\/\/afiyafrica.com\/index.php\/wp-json\/wp\/v2\/comments?post=3339"}],"version-history":[{"count":1,"href":"https:\/\/afiyafrica.com\/index.php\/wp-json\/wp\/v2\/posts\/3339\/revisions"}],"predecessor-version":[{"id":3343,"href":"https:\/\/afiyafrica.com\/index.php\/wp-json\/wp\/v2\/posts\/3339\/revisions\/3343"}],"wp:featuredmedia":[{"embeddable":true,"href":"https:\/\/afiyafrica.com\/index.php\/wp-json\/wp\/v2\/media\/3340"}],"wp:attachment":[{"href":"https:\/\/afiyafrica.com\/index.php\/wp-json\/wp\/v2\/media?parent=3339"}],"wp:term":[{"taxonomy":"category","embeddable":true,"href":"https:\/\/afiyafrica.com\/index.php\/wp-json\/wp\/v2\/categories?post=3339"},{"taxonomy":"post_tag","embeddable":true,"href":"https:\/\/afiyafrica.com\/index.php\/wp-json\/wp\/v2\/tags?post=3339"}],"curies":[{"name":"wp","href":"https:\/\/api.w.org\/{rel}","templated":true}]}}